{"id":6756,"date":"2024-07-17T05:27:51","date_gmt":"2024-07-17T05:27:51","guid":{"rendered":"https:\/\/reciclarseenlaciudad.com\/?p=6756"},"modified":"2025-05-15T01:19:27","modified_gmt":"2025-05-15T01:19:27","slug":"lo-que-hace-la-bicicleta","status":"publish","type":"post","link":"https:\/\/reciclarseenlaciudad.com\/en\/lo-que-hace-la-bicicleta\/","title":{"rendered":"Lo que hace la bicicleta"},"content":{"rendered":"<div data-elementor-type=\"wp-post\" data-elementor-id=\"6756\" class=\"elementor elementor-6756\" data-elementor-post-type=\"post\">\n\t\t\t\t\t\t<section class=\"elementor-section elementor-top-section elementor-element elementor-element-1f28c6d elementor-section-full_width elementor-section-height-default elementor-section-height-default\" data-id=\"1f28c6d\" data-element_type=\"section\" data-e-type=\"section\">\n\t\t\t\t\t\t<div class=\"elementor-container elementor-column-gap-default\">\n\t\t\t\t\t<div class=\"elementor-column elementor-col-100 elementor-top-column elementor-element elementor-element-0606d67\" data-id=\"0606d67\" data-element_type=\"column\" data-e-type=\"column\">\n\t\t\t<div class=\"elementor-widget-wrap elementor-element-populated\">\n\t\t\t\t\t\t<div class=\"elementor-element elementor-element-068a628 elementor-widget elementor-widget-image\" data-id=\"068a628\" data-element_type=\"widget\" data-e-type=\"widget\" data-widget_type=\"image.default\">\n\t\t\t\t<div class=\"elementor-widget-container\">\n\t\t\t\t\t\t\t\t\t\t\t\t<figure class=\"wp-caption\">\n\t\t\t\t\t\t\t\t\t\t<img fetchpriority=\"high\" decoding=\"async\" width=\"1200\" height=\"587\" src=\"https:\/\/reciclarseenlaciudad.com\/wp-content\/uploads\/2024\/07\/A_Soto_Head.jpg\" class=\"attachment-full size-full wp-image-6771\" alt=\"\" srcset=\"https:\/\/reciclarseenlaciudad.com\/wp-content\/uploads\/2024\/07\/A_Soto_Head.jpg 1200w, https:\/\/reciclarseenlaciudad.com\/wp-content\/uploads\/2024\/07\/A_Soto_Head-300x147.jpg 300w, https:\/\/reciclarseenlaciudad.com\/wp-content\/uploads\/2024\/07\/A_Soto_Head-1024x501.jpg 1024w, https:\/\/reciclarseenlaciudad.com\/wp-content\/uploads\/2024\/07\/A_Soto_Head-768x376.jpg 768w, https:\/\/reciclarseenlaciudad.com\/wp-content\/uploads\/2024\/07\/A_Soto_Head-18x9.jpg 18w\" sizes=\"(max-width: 1200px) 100vw, 1200px\" \/>\t\t\t\t\t\t\t\t\t\t\t<figcaption class=\"widget-image-caption wp-caption-text\"> Lo que hace la bicicleta, de veras, qu\u00e9 cosas, y te lo estoy demostrando con hechos.<\/figcaption>\n\t\t\t\t\t\t\t\t\t\t<\/figure>\n\t\t\t\t\t\t\t\t\t<\/div>\n\t\t\t\t<\/div>\n\t\t\t\t\t<\/div>\n\t\t<\/div>\n\t\t\t\t\t<\/div>\n\t\t<\/section>\n\t\t\t\t<section class=\"elementor-section elementor-top-section elementor-element elementor-element-fa7fe9c elementor-section-boxed elementor-section-height-default elementor-section-height-default\" data-id=\"fa7fe9c\" data-element_type=\"section\" data-e-type=\"section\">\n\t\t\t\t\t\t<div class=\"elementor-container elementor-column-gap-default\">\n\t\t\t\t\t<div class=\"elementor-column elementor-col-100 elementor-top-column elementor-element elementor-element-bdb8732\" data-id=\"bdb8732\" data-element_type=\"column\" data-e-type=\"column\">\n\t\t\t<div class=\"elementor-widget-wrap elementor-element-populated\">\n\t\t\t\t\t\t<div class=\"elementor-element elementor-element-8b507d5 elementor-widget elementor-widget-text-editor\" data-id=\"8b507d5\" data-element_type=\"widget\" data-e-type=\"widget\" data-widget_type=\"text-editor.default\">\n\t\t\t\t<div class=\"elementor-widget-container\">\n\t\t\t\t\t\t\t\t\t<p>Alejandro Soto<\/p>\t\t\t\t\t\t\t\t<\/div>\n\t\t\t\t<\/div>\n\t\t\t\t<div class=\"elementor-element elementor-element-70fdb926 elementor-widget elementor-widget-text-editor\" data-id=\"70fdb926\" data-element_type=\"widget\" data-e-type=\"widget\" data-widget_type=\"text-editor.default\">\n\t\t\t\t<div class=\"elementor-widget-container\">\n\t\t\t\t\t\t\t\t\t<p>Lo que hace la bicicleta<\/p>\t\t\t\t\t\t\t\t<\/div>\n\t\t\t\t<\/div>\n\t\t\t\t<div class=\"elementor-element elementor-element-f9dc1b2 elementor-widget elementor-widget-text-editor\" data-id=\"f9dc1b2\" data-element_type=\"widget\" data-e-type=\"widget\" data-widget_type=\"text-editor.default\">\n\t\t\t\t<div class=\"elementor-widget-container\">\n\t\t\t\t\t\t\t\t\t<p>Jalatlaco, Oaxaca, 31 de marzo de 2019.\u00a0<\/p>\t\t\t\t\t\t\t\t<\/div>\n\t\t\t\t<\/div>\n\t\t\t\t\t<\/div>\n\t\t<\/div>\n\t\t\t\t\t<\/div>\n\t\t<\/section>\n\t\t\t\t<section class=\"elementor-section elementor-top-section elementor-element elementor-element-1eebfa53 elementor-section-boxed elementor-section-height-default elementor-section-height-default\" data-id=\"1eebfa53\" data-element_type=\"section\" data-e-type=\"section\">\n\t\t\t\t\t\t<div class=\"elementor-container elementor-column-gap-default\">\n\t\t\t\t\t<div class=\"elementor-column elementor-col-100 elementor-top-column elementor-element elementor-element-1a9a9545\" data-id=\"1a9a9545\" data-element_type=\"column\" data-e-type=\"column\">\n\t\t\t<div class=\"elementor-widget-wrap elementor-element-populated\">\n\t\t\t\t\t\t<div class=\"elementor-element elementor-element-2e30af09 elementor-widget-divider--view-line elementor-widget elementor-widget-divider\" data-id=\"2e30af09\" data-element_type=\"widget\" data-e-type=\"widget\" data-widget_type=\"divider.default\">\n\t\t\t\t<div class=\"elementor-widget-container\">\n\t\t\t\t\t\t\t<div class=\"elementor-divider\">\n\t\t\t<span class=\"elementor-divider-separator\">\n\t\t\t\t\t\t<\/span>\n\t\t<\/div>\n\t\t\t\t\t\t<\/div>\n\t\t\t\t<\/div>\n\t\t\t\t\t<\/div>\n\t\t<\/div>\n\t\t\t\t\t<\/div>\n\t\t<\/section>\n\t\t\t\t<section class=\"elementor-section elementor-top-section elementor-element elementor-element-b5c588e elementor-section-boxed elementor-section-height-default elementor-section-height-default\" data-id=\"b5c588e\" data-element_type=\"section\" data-e-type=\"section\">\n\t\t\t\t\t\t<div class=\"elementor-container elementor-column-gap-default\">\n\t\t\t\t\t<div class=\"elementor-column elementor-col-100 elementor-top-column elementor-element elementor-element-4885dbc\" data-id=\"4885dbc\" data-element_type=\"column\" data-e-type=\"column\">\n\t\t\t<div class=\"elementor-widget-wrap elementor-element-populated\">\n\t\t\t\t\t\t<div class=\"elementor-element elementor-element-35b1fad elementor-widget elementor-widget-text-editor\" data-id=\"35b1fad\" data-element_type=\"widget\" data-e-type=\"widget\" data-widget_type=\"text-editor.default\">\n\t\t\t\t<div class=\"elementor-widget-container\">\n\t\t\t\t\t\t\t\t\t<p><span style=\"font-weight: 400;\">Aqu\u00ed nac\u00ed en esta casa. Nuestro patio de juegos era el atrio de la Iglesia, all\u00ed anduve en triciclo, luego aprend\u00ed a andar en la bicicleta; a los siete ya recorr\u00eda el Llano con mi bici, y eso fue lo que me salv\u00f3 a m\u00ed. Imag\u00ednese c\u00f3mo se ha de sentir una persona que san\u00f3 de la poliomielitis, que san\u00f3 de la diabetes, qu\u00e9 san\u00f3 del coraz\u00f3n. Mire, sesenta kilos, se\u00f1or, m\u00edreme, y no estoy sumiendo la panza, \u00bfc\u00f3mo la ve? Claro, de la diabetes me quedaron secuencias: casi toda mi vida fui diab\u00e9tico, pero no se me desarroll\u00f3 mucho por la bicicleta. Lo que hace la bicicleta, de veras, qu\u00e9 cosas, y te lo estoy demostrando con hechos. No es hablada, ni nada. <\/span><\/p>\t\t\t\t\t\t\t\t<\/div>\n\t\t\t\t<\/div>\n\t\t\t\t\t<\/div>\n\t\t<\/div>\n\t\t\t\t\t<\/div>\n\t\t<\/section>\n\t\t\t\t<section class=\"elementor-section elementor-top-section elementor-element elementor-element-0f12383 elementor-section-boxed elementor-section-height-default elementor-section-height-default\" data-id=\"0f12383\" data-element_type=\"section\" data-e-type=\"section\">\n\t\t\t\t\t\t<div class=\"elementor-container elementor-column-gap-default\">\n\t\t\t\t\t<div class=\"elementor-column elementor-col-100 elementor-top-column elementor-element elementor-element-543b4a6\" data-id=\"543b4a6\" data-element_type=\"column\" data-e-type=\"column\">\n\t\t\t<div class=\"elementor-widget-wrap elementor-element-populated\">\n\t\t\t\t\t\t<div class=\"elementor-element elementor-element-7ca9041 elementor-widget elementor-widget-text-editor\" data-id=\"7ca9041\" data-element_type=\"widget\" data-e-type=\"widget\" data-widget_type=\"text-editor.default\">\n\t\t\t\t<div class=\"elementor-widget-container\">\n\t\t\t\t\t\t\t\t\t<p><span style=\"font-weight: 400;\">Me diagnosticaron polio cu\u00e1ndo ten\u00eda como a\u00f1o y medio: desde que empec\u00e9 a caminar se dieron cuenta de la enfermedad. El m\u00e9dico recomend\u00f3 que comiera calditos con higadito de pollo y mucho chile, \u00a1bastante chile! No hab\u00eda vacuna, y si la hab\u00eda, no estaba distribuida correctamente: los sistemas de salubridad eran diferentes. Eso ser\u00eda como en mil novecientos cuarenta y nueve, por ah\u00ed. Entonces, mi pap\u00e1, como fue fundador de las l\u00edneas de camiones de ac\u00e1 de Oaxaca, ten\u00eda su taller, y me hizo un triciclo de madera. Ahorita se lo voy a ense\u00f1ar, ust\u00e9 va a ver, por ac\u00e1 lo tengo. Y me amarraba los pies y me andaba jalando, y yo agarrado as\u00ed. Y con el triciclo, pues san\u00e9 de la polio. A un primo hermano m\u00edo le dio lo mismo, \u00e9l es profesor ahora, pero a \u00e9l no lo atendieron.<\/span><\/p>\t\t\t\t\t\t\t\t<\/div>\n\t\t\t\t<\/div>\n\t\t\t\t\t<\/div>\n\t\t<\/div>\n\t\t\t\t\t<\/div>\n\t\t<\/section>\n\t\t\t\t<section class=\"elementor-section elementor-top-section elementor-element elementor-element-f694cb1 elementor-section-boxed elementor-section-height-default elementor-section-height-default\" data-id=\"f694cb1\" data-element_type=\"section\" data-e-type=\"section\">\n\t\t\t\t\t\t<div class=\"elementor-container elementor-column-gap-default\">\n\t\t\t\t\t<div class=\"elementor-column elementor-col-100 elementor-top-column elementor-element elementor-element-acf02cd\" data-id=\"acf02cd\" data-element_type=\"column\" data-e-type=\"column\">\n\t\t\t<div class=\"elementor-widget-wrap elementor-element-populated\">\n\t\t\t\t\t\t<div class=\"elementor-element elementor-element-9dc2517 elementor-widget elementor-widget-text-editor\" data-id=\"9dc2517\" data-element_type=\"widget\" data-e-type=\"widget\" data-widget_type=\"text-editor.default\">\n\t\t\t\t<div class=\"elementor-widget-container\">\n\t\t\t\t\t\t\t\t\t<p><span style=\"font-weight: 400;\">Despu\u00e9s del triciclo, me compraron una bicicleta, y me la adaptaron. No hab\u00edan rueditas laterales, y as\u00ed me soltaban. El m\u00e9dico dijo que hiciera ejercicio, pero mi pap\u00e1 nunca andaba aqu\u00ed, andaba en el camino, en varios lugares de Oaxaca y en diferentes estados, y mi mam\u00e1 era la que se encargaba de todo. Nosotros fuimos cinco hermanos, el mayor se muri\u00f3, y yo me qued\u00e9 de primog\u00e9nito. Mi mam\u00e1, con tanto chamaco y todo, nunca ten\u00eda tiempo\u2026 Imag\u00ednese, antes no hab\u00eda lavadora, ni licuadora, creo que ni pa\u00f1ales desechables hab\u00eda, nom\u00e1s la radio. Mi mam\u00e1 hac\u00eda un ching-, perd\u00f3n, hac\u00eda muchos pa\u00f1ales de tela y all\u00ed en el patio se ve\u00edan los tendederos. Nunca hab\u00eda tiempo. Ya cuando llegaba mi pap\u00e1, \u00e9l arreglaba los asuntos de la casa, pero mientras, mi mam\u00e1 era la que apechugaba. Entonces, me subieron a la bici y all\u00ed andaba yo, del atrio de la iglesia al Llano.\u00a0<\/span><\/p>\t\t\t\t\t\t\t\t<\/div>\n\t\t\t\t<\/div>\n\t\t\t\t\t<\/div>\n\t\t<\/div>\n\t\t\t\t\t<\/div>\n\t\t<\/section>\n\t\t\t\t<section class=\"elementor-section elementor-top-section elementor-element elementor-element-6e570c8 elementor-section-boxed elementor-section-height-default elementor-section-height-default\" data-id=\"6e570c8\" data-element_type=\"section\" data-e-type=\"section\">\n\t\t\t\t\t\t<div class=\"elementor-container elementor-column-gap-default\">\n\t\t\t\t\t<div class=\"elementor-column elementor-col-100 elementor-top-column elementor-element elementor-element-d5f7b58\" data-id=\"d5f7b58\" data-element_type=\"column\" data-e-type=\"column\">\n\t\t\t<div class=\"elementor-widget-wrap elementor-element-populated\">\n\t\t\t\t\t\t<div class=\"elementor-element elementor-element-29f17de elementor-widget elementor-widget-image\" data-id=\"29f17de\" data-element_type=\"widget\" data-e-type=\"widget\" data-widget_type=\"image.default\">\n\t\t\t\t<div class=\"elementor-widget-container\">\n\t\t\t\t\t\t\t\t\t\t\t\t<figure class=\"wp-caption\">\n\t\t\t\t\t\t\t\t\t\t<img decoding=\"async\" width=\"1024\" height=\"768\" src=\"https:\/\/reciclarseenlaciudad.com\/wp-content\/uploads\/2024\/07\/A_Soto_03-1024x768.jpg\" class=\"attachment-large size-large wp-image-6769\" alt=\"\" srcset=\"https:\/\/reciclarseenlaciudad.com\/wp-content\/uploads\/2024\/07\/A_Soto_03-1024x768.jpg 1024w, https:\/\/reciclarseenlaciudad.com\/wp-content\/uploads\/2024\/07\/A_Soto_03-300x225.jpg 300w, https:\/\/reciclarseenlaciudad.com\/wp-content\/uploads\/2024\/07\/A_Soto_03-768x576.jpg 768w, https:\/\/reciclarseenlaciudad.com\/wp-content\/uploads\/2024\/07\/A_Soto_03-16x12.jpg 16w, https:\/\/reciclarseenlaciudad.com\/wp-content\/uploads\/2024\/07\/A_Soto_03.jpg 1200w\" sizes=\"(max-width: 1024px) 100vw, 1024px\" \/>\t\t\t\t\t\t\t\t\t\t\t<figcaption class=\"widget-image-caption wp-caption-text\">Me dije: o medicina o bicicleta. No, \u00a1pus bicicleta!<\/figcaption>\n\t\t\t\t\t\t\t\t\t\t<\/figure>\n\t\t\t\t\t\t\t\t\t<\/div>\n\t\t\t\t<\/div>\n\t\t\t\t\t<\/div>\n\t\t<\/div>\n\t\t\t\t\t<\/div>\n\t\t<\/section>\n\t\t\t\t<section class=\"elementor-section elementor-top-section elementor-element elementor-element-d064bb7 elementor-section-boxed elementor-section-height-default elementor-section-height-default\" data-id=\"d064bb7\" data-element_type=\"section\" data-e-type=\"section\">\n\t\t\t\t\t\t<div class=\"elementor-container elementor-column-gap-default\">\n\t\t\t\t\t<div class=\"elementor-column elementor-col-100 elementor-top-column elementor-element elementor-element-361b46f\" data-id=\"361b46f\" data-element_type=\"column\" data-e-type=\"column\">\n\t\t\t<div class=\"elementor-widget-wrap elementor-element-populated\">\n\t\t\t\t\t\t<div class=\"elementor-element elementor-element-3b4e951 elementor-widget elementor-widget-text-editor\" data-id=\"3b4e951\" data-element_type=\"widget\" data-e-type=\"widget\" data-widget_type=\"text-editor.default\">\n\t\t\t\t<div class=\"elementor-widget-container\">\n\t\t\t\t\t\t\t\t\t<p><span style=\"font-weight: 400;\">La medicina de ahora le cura una cosa, pero le sale otra cosa, que no sabe ni qu\u00e9 es. Mire, agarro mi bicicleta y me voy al polideportivo. Con veinte vueltas que le d\u00e9, ya tengo para que mi glucosa est\u00e9 en 120 o 130, y un diab\u00e9tico tiene permitido hasta 170. Si me inyecto la insulina: se me quita el apetito, me da v\u00f3mito, sudoraci\u00f3n excesiva\u2026 Me voy al polideportivo, con sesenta vueltas que le d\u00e9, mi jefe, me da hambre, y duermo feliz de la vida. Y empec\u00e9 tomando pastillas de insulina, pero me dorm\u00eda todo el d\u00eda y no quer\u00eda agarrar la bicicleta. Me dije: o medicina o bicicleta. No, \u00a1pus bicicleta! <\/span><\/p>\t\t\t\t\t\t\t\t<\/div>\n\t\t\t\t<\/div>\n\t\t\t\t\t<\/div>\n\t\t<\/div>\n\t\t\t\t\t<\/div>\n\t\t<\/section>\n\t\t\t\t<section class=\"elementor-section elementor-top-section elementor-element elementor-element-c404976 elementor-section-boxed elementor-section-height-default elementor-section-height-default\" data-id=\"c404976\" data-element_type=\"section\" data-e-type=\"section\">\n\t\t\t\t\t\t<div class=\"elementor-container elementor-column-gap-default\">\n\t\t\t\t\t<div class=\"elementor-column elementor-col-100 elementor-top-column elementor-element elementor-element-898deee\" data-id=\"898deee\" data-element_type=\"column\" data-e-type=\"column\">\n\t\t\t<div class=\"elementor-widget-wrap elementor-element-populated\">\n\t\t\t\t\t\t<div class=\"elementor-element elementor-element-9713a7c elementor-widget elementor-widget-text-editor\" data-id=\"9713a7c\" data-element_type=\"widget\" data-e-type=\"widget\" data-widget_type=\"text-editor.default\">\n\t\t\t\t<div class=\"elementor-widget-container\">\n\t\t\t\t\t\t\t\t\t<p><span style=\"font-weight: 400;\">Mi cu\u00f1ado se muri\u00f3; \u00e9l tambi\u00e9n era diab\u00e9tico. Mire, su cama era de lat\u00f3n, de esas antiguas, y ten\u00eda unas copas muy bonitas, \u00e9stas se levantaban y quedaban en la base cuatro huecos. Cuando fuimos a arreglar su cuarto despu\u00e9s de que falleci\u00f3, encontramos sus bolsitas con la medicina que deb\u00eda tomar en las copas de la cama, y todos se quedaron asombrados. \u00c9l iba con un m\u00e9dico particular, no iba con m\u00e9dico del Seguro, y mi cu\u00f1ado calladito. \u00c9l sal\u00eda desde las cuatro de la ma\u00f1ana a andar en bici: \u201cF\u00edjate que llegu\u00e9 hasta Tlacolula, son 32 Km; f\u00edjate que llegu\u00e9 a Matatl\u00e1n, son 55km,\u201d me contaba a su regreso. Toda la cama estaba tapizada de servilletas con la medicina adentro. Nunca tom\u00f3 una sola medicina. Y muri\u00f3 por otra cosa muy ajena a enfermedades.<\/span><\/p>\t\t\t\t\t\t\t\t<\/div>\n\t\t\t\t<\/div>\n\t\t\t\t\t<\/div>\n\t\t<\/div>\n\t\t\t\t\t<\/div>\n\t\t<\/section>\n\t\t\t\t<section class=\"elementor-section elementor-top-section elementor-element elementor-element-d79e60e elementor-section-boxed elementor-section-height-default elementor-section-height-default\" data-id=\"d79e60e\" data-element_type=\"section\" data-e-type=\"section\">\n\t\t\t\t\t\t<div class=\"elementor-container elementor-column-gap-default\">\n\t\t\t\t\t<div class=\"elementor-column elementor-col-100 elementor-top-column elementor-element elementor-element-cad84f1\" data-id=\"cad84f1\" data-element_type=\"column\" data-e-type=\"column\">\n\t\t\t<div class=\"elementor-widget-wrap elementor-element-populated\">\n\t\t\t\t\t\t<div class=\"elementor-element elementor-element-c5c2b43 elementor-widget elementor-widget-text-editor\" data-id=\"c5c2b43\" data-element_type=\"widget\" data-e-type=\"widget\" data-widget_type=\"text-editor.default\">\n\t\t\t\t<div class=\"elementor-widget-container\">\n\t\t\t\t\t\t\t\t\t<p><span style=\"font-weight: 400;\">Ahora, mire, tengo 72 a\u00f1os, he fumado desde los ocho a\u00f1os aqu\u00ed en el barrio de Jalatlaco\u2026 Mire, mi jefe, Oaxaca tiene 570 municipios.Es el estado que m\u00e1s tiene. No en Am\u00e9rica Latina: \u00a1en el mundo! S\u00ed se\u00f1or, es una torre de babel, y aqu\u00ed estamos en San Mat\u00edas Jalatlaco. Hay iglesia y antes hab\u00eda una c\u00e1rcel abandonada, y ah\u00ed nos \u00edbamos a esconder de ni\u00f1os a fumar unos cigarros carmencita, chiquitos. Ey, de eso fumaba mi abuelita, y yo le chingaba, perd\u00f3n, le robaba sus cigarros, y \u00f3rale. Ya despu\u00e9s, trabajando en los camiones en la Sierra Ju\u00e1rez, fumando, y fumando, y fumando, para que nunca me agarrara el fr\u00edo. Mi presi\u00f3n arterial ahorita a mis 72 a\u00f1os, y gracias a la bicicleta, es 110\/70 en ayunas, y ya tomando alimentos 120\/80, \u00bfqu\u00e9 tal?<\/span><\/p>\t\t\t\t\t\t\t\t<\/div>\n\t\t\t\t<\/div>\n\t\t\t\t\t<\/div>\n\t\t<\/div>\n\t\t\t\t\t<\/div>\n\t\t<\/section>\n\t\t\t\t<section class=\"elementor-section elementor-top-section elementor-element elementor-element-28fc9da elementor-section-boxed elementor-section-height-default elementor-section-height-default\" data-id=\"28fc9da\" data-element_type=\"section\" data-e-type=\"section\">\n\t\t\t\t\t\t<div class=\"elementor-container elementor-column-gap-default\">\n\t\t\t\t\t<div class=\"elementor-column elementor-col-100 elementor-top-column elementor-element elementor-element-fcbf19e\" data-id=\"fcbf19e\" data-element_type=\"column\" data-e-type=\"column\">\n\t\t\t<div class=\"elementor-widget-wrap elementor-element-populated\">\n\t\t\t\t\t\t<div class=\"elementor-element elementor-element-4c509d9 elementor-widget elementor-widget-text-editor\" data-id=\"4c509d9\" data-element_type=\"widget\" data-e-type=\"widget\" data-widget_type=\"text-editor.default\">\n\t\t\t\t<div class=\"elementor-widget-container\">\n\t\t\t\t\t\t\t\t\t<p><span style=\"font-weight: 400;\">Dur\u00e9 treinta y ocho a\u00f1os en ADO como conductor, despu\u00e9s de que mi pap\u00e1 me dio todos sus permisos. Antes de eso, empec\u00e9 a los doce a\u00f1os a bajar madera de la brecha Mil Veinte de la Sierra Ju\u00e1rez a la papelera Tuxtepec, \u00a1a los do-ce a-\u00f1os! Era un carro grandote, pero en esos a\u00f1os, como por mil novecientos cincuenta y ocho, no hab\u00eda frenos de aire, ni radio. Y mi mam\u00e1 le dec\u00eda a mi pap\u00e1: oye, dale un carro nuevo, t\u00fa tienes nuevos\u2026 Y mi pap\u00e1 le respond\u00eda: No, si yo no quiero que sea chofer, yo quiero que sea licenciado, que \u00e9l nos resuelva los problemas que tenemos con las concesiones; \u00e9l es m&#8217;hijo, \u00e9l sabe manejar, sabe lo que es sufrir. Pero el error de mi pap\u00e1 fue subirme a un carro, \u00a1porque de ah\u00ed ya no me baj\u00e9! Me mandaron a estudiar a La Salle en Puebla, al Benavente, al militarizado Zaragoza, ah\u00ed en la colonia de La Paz, y no: me qued\u00e9 trabajando, mejor.<\/span><\/p>\t\t\t\t\t\t\t\t<\/div>\n\t\t\t\t<\/div>\n\t\t\t\t\t<\/div>\n\t\t<\/div>\n\t\t\t\t\t<\/div>\n\t\t<\/section>\n\t\t\t\t<section class=\"elementor-section elementor-top-section elementor-element elementor-element-c11fc76 elementor-section-boxed elementor-section-height-default elementor-section-height-default\" data-id=\"c11fc76\" data-element_type=\"section\" data-e-type=\"section\">\n\t\t\t\t\t\t<div class=\"elementor-container elementor-column-gap-default\">\n\t\t\t\t\t<div class=\"elementor-column elementor-col-100 elementor-top-column elementor-element elementor-element-1572fdf\" data-id=\"1572fdf\" data-element_type=\"column\" data-e-type=\"column\">\n\t\t\t<div class=\"elementor-widget-wrap elementor-element-populated\">\n\t\t\t\t\t\t<div class=\"elementor-element elementor-element-141c5b5 elementor-widget elementor-widget-text-editor\" data-id=\"141c5b5\" data-element_type=\"widget\" data-e-type=\"widget\" data-widget_type=\"text-editor.default\">\n\t\t\t\t<div class=\"elementor-widget-container\">\n\t\t\t\t\t\t\t\t\t<p><span style=\"font-weight: 400;\">Vi muchas cosas bonitas en la carretera. Mire esa foto, la tom\u00e9 al Volc\u00e1n, y cuando me par\u00e9 y baj\u00e9 del carro, estaba haciendo erupci\u00f3n. Ya cuando me iba a subir, me dice una pasajera: \u00a1mire! Y salen dos objetos ac\u00e1 a lo lejos&#8230; Esa se la di a Jaime Maussan y \u00e9l me regal\u00f3 una c\u00e1mara muy bonita a cambio de la foto.<\/span><\/p>\t\t\t\t\t\t\t\t<\/div>\n\t\t\t\t<\/div>\n\t\t\t\t\t<\/div>\n\t\t<\/div>\n\t\t\t\t\t<\/div>\n\t\t<\/section>\n\t\t\t\t<section class=\"elementor-section elementor-top-section elementor-element elementor-element-bd17bd6 elementor-section-boxed elementor-section-height-default elementor-section-height-default\" data-id=\"bd17bd6\" data-element_type=\"section\" data-e-type=\"section\">\n\t\t\t\t\t\t<div class=\"elementor-container elementor-column-gap-default\">\n\t\t\t\t\t<div class=\"elementor-column elementor-col-100 elementor-top-column elementor-element elementor-element-8df1944\" data-id=\"8df1944\" data-element_type=\"column\" data-e-type=\"column\">\n\t\t\t<div class=\"elementor-widget-wrap elementor-element-populated\">\n\t\t\t\t\t\t<div class=\"elementor-element elementor-element-fafaa02 elementor-widget elementor-widget-image\" data-id=\"fafaa02\" data-element_type=\"widget\" data-e-type=\"widget\" data-widget_type=\"image.default\">\n\t\t\t\t<div class=\"elementor-widget-container\">\n\t\t\t\t\t\t\t\t\t\t\t\t<figure class=\"wp-caption\">\n\t\t\t\t\t\t\t\t\t\t<img decoding=\"async\" width=\"768\" height=\"1024\" src=\"https:\/\/reciclarseenlaciudad.com\/wp-content\/uploads\/2024\/07\/A_Soto_05-768x1024.jpg\" class=\"attachment-large size-large wp-image-6770\" alt=\"\" srcset=\"https:\/\/reciclarseenlaciudad.com\/wp-content\/uploads\/2024\/07\/A_Soto_05-768x1024.jpg 768w, https:\/\/reciclarseenlaciudad.com\/wp-content\/uploads\/2024\/07\/A_Soto_05-225x300.jpg 225w, https:\/\/reciclarseenlaciudad.com\/wp-content\/uploads\/2024\/07\/A_Soto_05-9x12.jpg 9w, https:\/\/reciclarseenlaciudad.com\/wp-content\/uploads\/2024\/07\/A_Soto_05.jpg 900w\" sizes=\"(max-width: 768px) 100vw, 768px\" \/>\t\t\t\t\t\t\t\t\t\t\t<figcaption class=\"widget-image-caption wp-caption-text\">Muchos compa\u00f1eros ya viv\u00edan separados de sus parejas, y gracias a la bicicleta se han unido, y muchos que no se conoc\u00edan gracias a la bicicleta se han casado. \u00bfEh? \u00bfPor qu\u00e9? Le voy a poner una an\u00e9cdota\u2026<\/figcaption>\n\t\t\t\t\t\t\t\t\t\t<\/figure>\n\t\t\t\t\t\t\t\t\t<\/div>\n\t\t\t\t<\/div>\n\t\t\t\t<div class=\"elementor-element elementor-element-1081e2b elementor-widget elementor-widget-text-editor\" data-id=\"1081e2b\" data-element_type=\"widget\" data-e-type=\"widget\" data-widget_type=\"text-editor.default\">\n\t\t\t\t<div class=\"elementor-widget-container\">\n\t\t\t\t\t\t\t\t\t<p><span style=\"font-weight: 400;\">La bicicleta ha hecho mucho por m\u00ed. Mi trabajo como conductor de ADO era muy delicado, estamos en el filo de la navaja. Imag\u00ednese, luego llegaba a las tres de la ma\u00f1ana. Aqu\u00ed en el patio de los talleres de camiones, me pon\u00eda a dar vueltas una hora en mi bicicleta, antes de salir otra vez en el autob\u00fas. Una vez estaba yo en M\u00e9xico en la Norte, y\u00a0 me vuelo el pedazo del dedo con la banda del motor, por meter la mano con el motor encendido. Llego al servicio m\u00e9dico y le digo al doctor lo que pas\u00f3: mire, aqu\u00ed tengo el hueso. \u201cAy, canijo,\u201d dice, \u201c\u00bfibas de camino a d\u00f3nde,\u201d me dice. \u201c\u00a1Voy a Oaxaca!\u201d, le respondo. Y Oaxaca, cuidado, es pura sierra, por eso somos los mejores conductores. Le dije que era diab\u00e9tico, y \u00e9l no pod\u00eda creerlo por lo bien que estaba reaccionando mi mano a la curaci\u00f3n. \u201c\u00bfPero c\u00f3mo, si es diab\u00e9tico? \u00bfPor qu\u00e9 tiene sus plaquetas tan efectivas?\u201d, se preguntaba.\u00a0 Y mire, y as\u00ed me vine manejando.\u00a0<\/span><\/p>\t\t\t\t\t\t\t\t<\/div>\n\t\t\t\t<\/div>\n\t\t\t\t\t<\/div>\n\t\t<\/div>\n\t\t\t\t\t<\/div>\n\t\t<\/section>\n\t\t\t\t<section class=\"elementor-section elementor-top-section elementor-element elementor-element-e9fb26b elementor-section-boxed elementor-section-height-default elementor-section-height-default\" data-id=\"e9fb26b\" data-element_type=\"section\" data-e-type=\"section\">\n\t\t\t\t\t\t<div class=\"elementor-container elementor-column-gap-default\">\n\t\t\t\t\t<div class=\"elementor-column elementor-col-100 elementor-top-column elementor-element elementor-element-a705600\" data-id=\"a705600\" data-element_type=\"column\" data-e-type=\"column\">\n\t\t\t<div class=\"elementor-widget-wrap elementor-element-populated\">\n\t\t\t\t\t\t<div class=\"elementor-element elementor-element-a402a3e elementor-widget elementor-widget-text-editor\" data-id=\"a402a3e\" data-element_type=\"widget\" data-e-type=\"widget\" data-widget_type=\"text-editor.default\">\n\t\t\t\t<div class=\"elementor-widget-container\">\n\t\t\t\t\t\t\t\t\t<p><span style=\"font-weight: 400;\">Participo en un grupo ciclista: Nitos, ciclistas en movimiento. Antes de ser Nitos, nos llam\u00e1bamos Al aire libre. Nitos quiere decir nativo o neto, de un lugar. Yo soy nito del barrio de Jalatlaco, de aqu\u00ed de la Ciudad de Oaxaca. Entonces, le pusimos Nitos. Todos los domingos a las ocho nos reun\u00edamos a una cuadra del z\u00f3calo, y sal\u00edamos a rodar, en la ciudad y a los pueblitos cercanos. Antes, todos los domingos a fines de mes nos reun\u00edamos en la fuente de las Ocho Regiones. No, mi jefe, se pon\u00eda bonito: ni\u00f1os en sus triciclos, en sus patinetas, la gente tocaba la guitarra, y, bueno, era una felicidad. Pero pues ya no tenemos v\u00eda recreativa.<\/span><\/p>\t\t\t\t\t\t\t\t<\/div>\n\t\t\t\t<\/div>\n\t\t\t\t\t<\/div>\n\t\t<\/div>\n\t\t\t\t\t<\/div>\n\t\t<\/section>\n\t\t\t\t<section class=\"elementor-section elementor-top-section elementor-element elementor-element-10d22f7 elementor-section-boxed elementor-section-height-default elementor-section-height-default\" data-id=\"10d22f7\" data-element_type=\"section\" data-e-type=\"section\">\n\t\t\t\t\t\t<div class=\"elementor-container elementor-column-gap-default\">\n\t\t\t\t\t<div class=\"elementor-column elementor-col-100 elementor-top-column elementor-element elementor-element-7696adc\" data-id=\"7696adc\" data-element_type=\"column\" data-e-type=\"column\">\n\t\t\t<div class=\"elementor-widget-wrap elementor-element-populated\">\n\t\t\t\t\t\t<div class=\"elementor-element elementor-element-cd718f7 elementor-widget elementor-widget-text-editor\" data-id=\"cd718f7\" data-element_type=\"widget\" data-e-type=\"widget\" data-widget_type=\"text-editor.default\">\n\t\t\t\t<div class=\"elementor-widget-container\">\n\t\t\t\t\t\t\t\t\t<p><span style=\"font-weight: 400;\">Cuando rodamos, llevamos nuestras bolsitas chiquitas con croquetas para perros. Vemos a un perro en el camino y le dejamos su botecito de agua y su latita de comida. Y qu\u00e9 va a saber el perro de las bicicletas, pero las bicicletas llevan al que s\u00ed sabe de perros. Entonces, no solamente para convivir con el ser humano, convivimos con la naturaleza, llevamos nuestros binoculares y vemos los p\u00e1jaros, las mariposas.\u00a0<\/span><\/p>\t\t\t\t\t\t\t\t<\/div>\n\t\t\t\t<\/div>\n\t\t\t\t\t<\/div>\n\t\t<\/div>\n\t\t\t\t\t<\/div>\n\t\t<\/section>\n\t\t\t\t<section class=\"elementor-section elementor-top-section elementor-element elementor-element-e653763 elementor-section-boxed elementor-section-height-default elementor-section-height-default\" data-id=\"e653763\" data-element_type=\"section\" data-e-type=\"section\">\n\t\t\t\t\t\t<div class=\"elementor-container elementor-column-gap-default\">\n\t\t\t\t\t<div class=\"elementor-column elementor-col-100 elementor-top-column elementor-element elementor-element-9cd2eb6\" data-id=\"9cd2eb6\" data-element_type=\"column\" data-e-type=\"column\">\n\t\t\t<div class=\"elementor-widget-wrap elementor-element-populated\">\n\t\t\t\t\t\t<div class=\"elementor-element elementor-element-c4d348c elementor-widget elementor-widget-text-editor\" data-id=\"c4d348c\" data-element_type=\"widget\" data-e-type=\"widget\" data-widget_type=\"text-editor.default\">\n\t\t\t\t<div class=\"elementor-widget-container\">\n\t\t\t\t\t\t\t\t\t<p><span style=\"font-weight: 400;\">El primordial motivo de las rodadas es el f\u00edsico, pero si estamos bien f\u00edsicamente, gracias a la bicicleta, tambi\u00e9n estamos mentalmente bien. Muchos compa\u00f1eros ya viv\u00edan separados de sus parejas, y gracias a la bicicleta se han unido, y muchos que no se conoc\u00edan gracias a la bicicleta se han casado. \u00bfEh? \u00bfPor qu\u00e9? Le voy a poner una an\u00e9cdota\u2026 Usted va en su coche, saluda usted al pasajero dentro. \u00bfLe contesta el saludo? \u00a1No! Si va en bicicleta, usted saluda y todo el mundo le contesta. En la bicicleta le dan ganas de saludar a todos, dan ganas de sonreir. Mirese ust\u00e9, su sonrisa es franca, y hay otras sonrisas que son una mueca de dolor, y vea un ciclista, a ver si tiene una mueca de dolor.\u00a0<\/span><\/p>\t\t\t\t\t\t\t\t<\/div>\n\t\t\t\t<\/div>\n\t\t\t\t\t<\/div>\n\t\t<\/div>\n\t\t\t\t\t<\/div>\n\t\t<\/section>\n\t\t\t\t<section class=\"elementor-section elementor-top-section elementor-element elementor-element-e03b72e elementor-section-boxed elementor-section-height-default elementor-section-height-default\" data-id=\"e03b72e\" data-element_type=\"section\" data-e-type=\"section\">\n\t\t\t\t\t\t<div class=\"elementor-container elementor-column-gap-default\">\n\t\t\t\t\t<div class=\"elementor-column elementor-col-100 elementor-top-column elementor-element elementor-element-2381da0\" data-id=\"2381da0\" data-element_type=\"column\" data-e-type=\"column\">\n\t\t\t<div class=\"elementor-widget-wrap elementor-element-populated\">\n\t\t\t\t\t\t<div class=\"elementor-element elementor-element-0b2a96a elementor-widget elementor-widget-image\" data-id=\"0b2a96a\" data-element_type=\"widget\" data-e-type=\"widget\" data-widget_type=\"image.default\">\n\t\t\t\t<div class=\"elementor-widget-container\">\n\t\t\t\t\t\t\t\t\t\t\t\t<figure class=\"wp-caption\">\n\t\t\t\t\t\t\t\t\t\t<img loading=\"lazy\" decoding=\"async\" width=\"1024\" height=\"768\" src=\"https:\/\/reciclarseenlaciudad.com\/wp-content\/uploads\/2024\/07\/A_Soto_02-1024x768.jpg\" class=\"attachment-large size-large wp-image-6768\" alt=\"\" srcset=\"https:\/\/reciclarseenlaciudad.com\/wp-content\/uploads\/2024\/07\/A_Soto_02-1024x768.jpg 1024w, https:\/\/reciclarseenlaciudad.com\/wp-content\/uploads\/2024\/07\/A_Soto_02-300x225.jpg 300w, https:\/\/reciclarseenlaciudad.com\/wp-content\/uploads\/2024\/07\/A_Soto_02-768x576.jpg 768w, https:\/\/reciclarseenlaciudad.com\/wp-content\/uploads\/2024\/07\/A_Soto_02-16x12.jpg 16w, https:\/\/reciclarseenlaciudad.com\/wp-content\/uploads\/2024\/07\/A_Soto_02.jpg 1200w\" sizes=\"(max-width: 1024px) 100vw, 1024px\" \/>\t\t\t\t\t\t\t\t\t\t\t<figcaption class=\"widget-image-caption wp-caption-text\">La bicicleta es una conducta que, con el tiempo, yo pienso, va a estar clasificada como educaci\u00f3n p\u00fablica.<\/figcaption>\n\t\t\t\t\t\t\t\t\t\t<\/figure>\n\t\t\t\t\t\t\t\t\t<\/div>\n\t\t\t\t<\/div>\n\t\t\t\t\t<\/div>\n\t\t<\/div>\n\t\t\t\t\t<\/div>\n\t\t<\/section>\n\t\t\t\t<section class=\"elementor-section elementor-top-section elementor-element elementor-element-481081e elementor-section-boxed elementor-section-height-default elementor-section-height-default\" data-id=\"481081e\" data-element_type=\"section\" data-e-type=\"section\">\n\t\t\t\t\t\t<div class=\"elementor-container elementor-column-gap-default\">\n\t\t\t\t\t<div class=\"elementor-column elementor-col-100 elementor-top-column elementor-element elementor-element-d8001b2\" data-id=\"d8001b2\" data-element_type=\"column\" data-e-type=\"column\">\n\t\t\t<div class=\"elementor-widget-wrap elementor-element-populated\">\n\t\t\t\t\t\t<div class=\"elementor-element elementor-element-54eff20 elementor-widget elementor-widget-text-editor\" data-id=\"54eff20\" data-element_type=\"widget\" data-e-type=\"widget\" data-widget_type=\"text-editor.default\">\n\t\t\t\t<div class=\"elementor-widget-container\">\n\t\t\t\t\t\t\t\t\t<p><span style=\"font-weight: 400;\">No es solamente andar en bicicleta, sino tambi\u00e9n es superarse como ser humano. Mi nietecito tiene cuatro a\u00f1os, ahorita se va a levantar, all\u00ed est\u00e1 su bicicletita, y con esa bicicleta le he ense\u00f1ado a todos mis sobrinos. Tengo una hija mayor, licenciada en administraci\u00f3n de empresas, un arquitecto y un ingeniero civil. La bici es una base, se\u00f1or. Cuando salimos, por ejemplo, hay un santuario muy grande que se llama Juquila, y yo soy muy afecto a la virgencita, me llevo la bici en la camioneta, y la de mi nieto tambi\u00e9n, y si hay oportunidad, ah\u00ed voy d\u00e1ndole en un lugar planito. La bicicleta es una conducta que, con el tiempo, yo pienso, va a estar clasificada como educaci\u00f3n p\u00fablica.<\/span><\/p>\t\t\t\t\t\t\t\t<\/div>\n\t\t\t\t<\/div>\n\t\t\t\t\t<\/div>\n\t\t<\/div>\n\t\t\t\t\t<\/div>\n\t\t<\/section>\n\t\t\t\t<section class=\"elementor-section elementor-top-section elementor-element elementor-element-63b1fa8 elementor-section-boxed elementor-section-height-default elementor-section-height-default\" data-id=\"63b1fa8\" data-element_type=\"section\" data-e-type=\"section\">\n\t\t\t\t\t\t<div class=\"elementor-container elementor-column-gap-default\">\n\t\t\t\t\t<div class=\"elementor-column elementor-col-100 elementor-top-column elementor-element elementor-element-43064d4\" data-id=\"43064d4\" data-element_type=\"column\" data-e-type=\"column\">\n\t\t\t<div class=\"elementor-widget-wrap elementor-element-populated\">\n\t\t\t\t\t\t<div class=\"elementor-element elementor-element-d655f4b elementor-widget elementor-widget-text-editor\" data-id=\"d655f4b\" data-element_type=\"widget\" data-e-type=\"widget\" data-widget_type=\"text-editor.default\">\n\t\t\t\t<div class=\"elementor-widget-container\">\n\t\t\t\t\t\t\t\t\t<p><span style=\"font-weight: 400;\">\u00bfLa conexi\u00f3n entre la bicicleta y la poes\u00eda?&nbsp; Como dijo Einstein de la bici, para delante, a pedalazos y con equilibrio. Nosotros decimos: ceder ante los dem\u00e1s, a\u00fan no tengan el derecho. Es una de nuestras reglas de oro aqu\u00ed en el ciclismo. Por ejemplo, si veo que est\u00e1 el siga, yo tengo la prioridad, pero veo que est\u00e1 un coche pas\u00e1ndose el alto, pos mejor freno, \u00bfpor qu\u00e9? Porque me voy a evitar problemas. <\/span><i><span style=\"font-weight: 400;\">Ceder ante los dem\u00e1s a\u00fan no tengan el derecho<\/span><\/i><span style=\"font-weight: 400;\">. Y all\u00ed entra la poes\u00eda, all\u00ed entra la poes\u00eda. <\/span><\/p>\t\t\t\t\t\t\t\t<\/div>\n\t\t\t\t<\/div>\n\t\t\t\t\t<\/div>\n\t\t<\/div>\n\t\t\t\t\t<\/div>\n\t\t<\/section>\n\t\t\t\t<section class=\"elementor-section elementor-top-section elementor-element elementor-element-01bcffa elementor-section-boxed elementor-section-height-default elementor-section-height-default\" data-id=\"01bcffa\" data-element_type=\"section\" data-e-type=\"section\">\n\t\t\t\t\t\t<div class=\"elementor-container elementor-column-gap-default\">\n\t\t\t\t\t<div class=\"elementor-column elementor-col-100 elementor-top-column elementor-element elementor-element-ff2e2b0\" data-id=\"ff2e2b0\" data-element_type=\"column\" data-e-type=\"column\">\n\t\t\t<div class=\"elementor-widget-wrap elementor-element-populated\">\n\t\t\t\t\t\t<div class=\"elementor-element elementor-element-133ba33 elementor-widget elementor-widget-image\" data-id=\"133ba33\" data-element_type=\"widget\" data-e-type=\"widget\" data-widget_type=\"image.default\">\n\t\t\t\t<div class=\"elementor-widget-container\">\n\t\t\t\t\t\t\t\t\t\t\t\t\t\t\t<img loading=\"lazy\" decoding=\"async\" width=\"89\" height=\"55\" src=\"https:\/\/reciclarseenlaciudad.com\/wp-content\/uploads\/2020\/10\/Icono-Reciclarse-89x55-3.png\" class=\"attachment-medium size-medium wp-image-2329\" alt=\"\" \/>\t\t\t\t\t\t\t\t\t\t\t\t\t\t\t<\/div>\n\t\t\t\t<\/div>\n\t\t\t\t\t<\/div>\n\t\t<\/div>\n\t\t\t\t\t<\/div>\n\t\t<\/section>\n\t\t\t\t<section class=\"elementor-section elementor-top-section elementor-element elementor-element-76330381 elementor-section-boxed elementor-section-height-default elementor-section-height-default\" data-id=\"76330381\" data-element_type=\"section\" data-e-type=\"section\">\n\t\t\t\t\t\t<div class=\"elementor-container elementor-column-gap-default\">\n\t\t\t\t\t<div class=\"elementor-column elementor-col-50 elementor-top-column elementor-element elementor-element-111e8b4e\" data-id=\"111e8b4e\" data-element_type=\"column\" data-e-type=\"column\">\n\t\t\t<div class=\"elementor-widget-wrap\">\n\t\t\t\t\t\t\t<\/div>\n\t\t<\/div>\n\t\t\t\t<div class=\"elementor-column elementor-col-50 elementor-top-column elementor-element elementor-element-2d876d63\" data-id=\"2d876d63\" data-element_type=\"column\" data-e-type=\"column\">\n\t\t\t<div class=\"elementor-widget-wrap elementor-element-populated\">\n\t\t\t\t\t\t<section class=\"elementor-section elementor-inner-section elementor-element elementor-element-7b475582 elementor-section-boxed elementor-section-height-default elementor-section-height-default\" data-id=\"7b475582\" data-element_type=\"section\" data-e-type=\"section\">\n\t\t\t\t\t\t<div class=\"elementor-container elementor-column-gap-default\">\n\t\t\t\t\t<div class=\"elementor-column elementor-col-100 elementor-inner-column elementor-element elementor-element-6e76d825\" data-id=\"6e76d825\" data-element_type=\"column\" data-e-type=\"column\">\n\t\t\t<div class=\"elementor-widget-wrap elementor-element-populated\">\n\t\t\t\t\t\t<div class=\"elementor-element elementor-element-67c0e645 elementor-widget elementor-widget-spacer\" data-id=\"67c0e645\" data-element_type=\"widget\" data-e-type=\"widget\" data-widget_type=\"spacer.default\">\n\t\t\t\t<div class=\"elementor-widget-container\">\n\t\t\t\t\t\t\t<div class=\"elementor-spacer\">\n\t\t\t<div class=\"elementor-spacer-inner\"><\/div>\n\t\t<\/div>\n\t\t\t\t\t\t<\/div>\n\t\t\t\t<\/div>\n\t\t\t\t\t<\/div>\n\t\t<\/div>\n\t\t\t\t\t<\/div>\n\t\t<\/section>\n\t\t\t\t<div class=\"elementor-element elementor-element-41f09890 elementor-share-buttons--view-icon elementor-share-buttons--shape-circle elementor-share-buttons--color-custom elementor-share-buttons--skin-gradient elementor-grid-0 elementor-widget elementor-widget-share-buttons\" data-id=\"41f09890\" data-element_type=\"widget\" data-e-type=\"widget\" data-widget_type=\"share-buttons.default\">\n\t\t\t\t<div class=\"elementor-widget-container\">\n\t\t\t\t\t\t\t<div class=\"elementor-grid\" role=\"list\">\n\t\t\t\t\t\t\t\t<div class=\"elementor-grid-item\" role=\"listitem\">\n\t\t\t\t\t\t<div class=\"elementor-share-btn elementor-share-btn_facebook\" role=\"button\" tabindex=\"0\" aria-label=\"Share on facebook\" data-no-translation-aria-label=\"\">\n\t\t\t\t\t\t\t\t\t\t\t\t\t\t\t<span class=\"elementor-share-btn__icon\">\n\t\t\t\t\t\t\t\t<i class=\"fab fa-facebook\" aria-hidden=\"true\"><\/i>\t\t\t\t\t\t\t<\/span>\n\t\t\t\t\t\t\t\t\t\t\t\t\t\t\t\t\t\t\t\t<\/div>\n\t\t\t\t\t<\/div>\n\t\t\t\t\t\t\t\t\t<div class=\"elementor-grid-item\" role=\"listitem\">\n\t\t\t\t\t\t<div class=\"elementor-share-btn elementor-share-btn_twitter\" role=\"button\" tabindex=\"0\" aria-label=\"Share on twitter\" data-no-translation-aria-label=\"\">\n\t\t\t\t\t\t\t\t\t\t\t\t\t\t\t<span class=\"elementor-share-btn__icon\">\n\t\t\t\t\t\t\t\t<i class=\"fab fa-twitter\" aria-hidden=\"true\"><\/i>\t\t\t\t\t\t\t<\/span>\n\t\t\t\t\t\t\t\t\t\t\t\t\t\t\t\t\t\t\t\t<\/div>\n\t\t\t\t\t<\/div>\n\t\t\t\t\t\t<\/div>\n\t\t\t\t\t\t<\/div>\n\t\t\t\t<\/div>\n\t\t\t\t<section class=\"elementor-section elementor-inner-section elementor-element elementor-element-22a1cc5f elementor-section-boxed elementor-section-height-default elementor-section-height-default\" data-id=\"22a1cc5f\" data-element_type=\"section\" data-e-type=\"section\">\n\t\t\t\t\t\t<div class=\"elementor-container elementor-column-gap-default\">\n\t\t\t\t\t<div class=\"elementor-column elementor-col-100 elementor-inner-column elementor-element elementor-element-376fe2d1\" data-id=\"376fe2d1\" data-element_type=\"column\" data-e-type=\"column\">\n\t\t\t<div class=\"elementor-widget-wrap elementor-element-populated\">\n\t\t\t\t\t\t<div class=\"elementor-element elementor-element-5815db37 elementor-widget elementor-widget-text-editor\" data-id=\"5815db37\" data-element_type=\"widget\" data-e-type=\"widget\" data-widget_type=\"text-editor.default\">\n\t\t\t\t<div class=\"elementor-widget-container\">\n\t\t\t\t\t\t\t\t\t<p style=\"text-align: center;\">&nbsp; &nbsp;Share this story<\/p>\t\t\t\t\t\t\t\t<\/div>\n\t\t\t\t<\/div>\n\t\t\t\t\t<\/div>\n\t\t<\/div>\n\t\t\t\t\t<\/div>\n\t\t<\/section>\n\t\t\t\t\t<\/div>\n\t\t<\/div>\n\t\t\t\t\t<\/div>\n\t\t<\/section>\n\t\t\t\t<section class=\"elementor-section elementor-top-section elementor-element elementor-element-46f249b elementor-section-boxed elementor-section-height-default elementor-section-height-default\" data-id=\"46f249b\" data-element_type=\"section\" data-e-type=\"section\" data-settings=\"{&quot;background_background&quot;:&quot;classic&quot;}\">\n\t\t\t\t\t\t<div class=\"elementor-container elementor-column-gap-default\">\n\t\t\t\t\t<div class=\"elementor-column elementor-col-100 elementor-top-column elementor-element elementor-element-24812b2\" data-id=\"24812b2\" data-element_type=\"column\" data-e-type=\"column\">\n\t\t\t<div class=\"elementor-widget-wrap elementor-element-populated\">\n\t\t\t\t\t\t<div class=\"elementor-element elementor-element-3478a0a elementor-widget elementor-widget-text-editor\" data-id=\"3478a0a\" data-element_type=\"widget\" data-e-type=\"widget\" data-widget_type=\"text-editor.default\">\n\t\t\t\t<div class=\"elementor-widget-container\">\n\t\t\t\t\t\t\t\t\t<p><b style=\"color: var( --e-global-color-text ); letter-spacing: 0.3px;\">Colaboradores<\/b><\/p>\n<p>Entrevista:&nbsp; Alejandro Zamora<\/p>\n<p>Redacci\u00f3n: Mar\u00eda \u00c1vila<\/p>\n<p>Revisi\u00f3n: Mar\u00eda \u00c1vila y Alejandro Zamora<\/p><p>Fotograf\u00eda: Alejandro Zamora<\/p>\t\t\t\t\t\t\t\t<\/div>\n\t\t\t\t<\/div>\n\t\t\t\t\t<\/div>\n\t\t<\/div>\n\t\t\t\t\t<\/div>\n\t\t<\/section>\n\t\t\t\t<\/div>","protected":false},"excerpt":{"rendered":"<p>\u00bfLa conexi\u00f3n entre la bicicleta y la poes\u00eda?  Como dijo Einstein de la bici, para delante, a pedalazos y con equilibrio&#8230; Ceder ante los dem\u00e1s a\u00fan no tengan el derecho. Y all\u00ed entra la poes\u00eda, all\u00ed entra la poes\u00eda. <\/p>","protected":false},"author":5,"featured_media":6771,"comment_status":"closed","ping_status":"closed","sticky":false,"template":"","format":"standard","meta":{"nf_dc_page":"","site-sidebar-layout":"default","site-content-layout":"","ast-site-content-layout":"default","site-content-style":"default","site-sidebar-style":"default","ast-global-header-display":"","ast-banner-title-visibility":"","ast-main-header-display":"","ast-hfb-above-header-display":"","ast-hfb-below-header-display":"","ast-hfb-mobile-header-display":"","site-post-title":"","ast-breadcrumbs-content":"","ast-featured-img":"","footer-sml-layout":"","ast-disable-related-posts":"","theme-transparent-header-meta":"","adv-header-id-meta":"","stick-header-meta":"","header-above-stick-meta":"","header-main-stick-meta":"","header-below-stick-meta":"","astra-migrate-meta-layouts":"default","ast-page-background-enabled":"default","ast-page-background-meta":{"desktop":{"background-color":"var(--ast-global-color-4)","background-image":"","background-repeat":"repeat","background-position":"center center","background-size":"auto","background-attachment":"scroll","background-type":"","background-media":"","overlay-type":"","overlay-color":"","overlay-opacity":"","overlay-gradient":""},"tablet":{"background-color":"","background-image":"","background-repeat":"repeat","background-position":"center center","background-size":"auto","background-attachment":"scroll","background-type":"","background-media":"","overlay-type":"","overlay-color":"","overlay-opacity":"","overlay-gradient":""},"mobile":{"background-color":"","background-image":"","background-repeat":"repeat","background-position":"center center","background-size":"auto","background-attachment":"scroll","background-type":"","background-media":"","overlay-type":"","overlay-color":"","overlay-opacity":"","overlay-gradient":""}},"ast-content-background-meta":{"desktop":{"background-color":"var(--ast-global-color-5)","background-image":"","background-repeat":"repeat","background-position":"center center","background-size":"auto","background-attachment":"scroll","background-type":"","background-media":"","overlay-type":"","overlay-color":"","overlay-opacity":"","overlay-gradient":""},"tablet":{"background-color":"var(--ast-global-color-5)","background-image":"","background-repeat":"repeat","background-position":"center center","background-size":"auto","background-attachment":"scroll","background-type":"","background-media":"","overlay-type":"","overlay-color":"","overlay-opacity":"","overlay-gradient":""},"mobile":{"background-color":"var(--ast-global-color-5)","background-image":"","background-repeat":"repeat","background-position":"center center","background-size":"auto","background-attachment":"scroll","background-type":"","background-media":"","overlay-type":"","overlay-color":"","overlay-opacity":"","overlay-gradient":""}},"footnotes":""},"categories":[5],"tags":[139,146,60,54,31,71,72,145,125],"class_list":["post-6756","post","type-post","status-publish","format-standard","has-post-thumbnail","hentry","category-oaxaca","tag-ambientalismo","tag-animales","tag-barrio","tag-comunidad","tag-familia","tag-medicina","tag-salud","tag-salud-mental","tag-trabajo"],"yoast_head":"<!-- This site is optimized with the Yoast SEO plugin v27.4 - https:\/\/yoast.com\/product\/yoast-seo-wordpress\/ -->\n<title>Lo que hace la bicicleta - (re)Ciclarse en la Ciudad<\/title>\n<meta name=\"description\" content=\"\u00bfLa conexi\u00f3n entre la bicicleta y la poes\u00eda? Como dijo Einstein de la bici, para delante, a pedalazos y con equilibrio. Nosotros decimos, ceder ante los dem\u00e1s, a\u00fan no tengan el derecho. Es una de nuestras reglas de oro aqu\u00ed en el ciclismo. Por ejemplo, si veo que est\u00e1 el siga, yo tengo la prioridad, pero veo que est\u00e1 un coche pas\u00e1ndose el alto, pos mejor freno, \u00bfpor qu\u00e9? Porque me voy a evitar problemas. Ceder ante los dem\u00e1s a\u00fan no tengan el derecho. Y all\u00ed entra la poes\u00eda, all\u00ed entra la poes\u00eda.\" \/>\n<meta name=\"robots\" content=\"index, follow, max-snippet:-1, max-image-preview:large, max-video-preview:-1\" \/>\n<link rel=\"canonical\" href=\"https:\/\/reciclarseenlaciudad.com\/en\/lo-que-hace-la-bicicleta\/\" \/>\n<meta property=\"og:locale\" content=\"en_US\" \/>\n<meta property=\"og:type\" content=\"article\" \/>\n<meta property=\"og:title\" content=\"Una muy bella desobediencia\" \/>\n<meta property=\"og:description\" content=\"Judith es vegana, fot\u00f3grafa, tatuadora y ciclista. Vive en Tijuana, donde practica todo eso en una experiencia de vida creativa y solidaria. \u00c9sta es su historia.\" \/>\n<meta property=\"og:url\" content=\"https:\/\/reciclarseenlaciudad.com\/en\/lo-que-hace-la-bicicleta\/\" \/>\n<meta property=\"og:site_name\" content=\"(re)Ciclarse en la Ciudad\" \/>\n<meta property=\"article:publisher\" content=\"https:\/\/www.facebook.com\/reciclarseenlaciudad\" \/>\n<meta property=\"article:published_time\" content=\"2024-07-17T05:27:51+00:00\" \/>\n<meta property=\"article:modified_time\" content=\"2025-05-15T01:19:27+00:00\" \/>\n<meta property=\"og:image\" content=\"https:\/\/reciclarseenlaciudad.com\/wp-content\/uploads\/2023\/08\/Judith_Head.jpg\" \/>\n\t<meta property=\"og:image:width\" content=\"2000\" \/>\n\t<meta property=\"og:image:height\" content=\"825\" \/>\n\t<meta property=\"og:image:type\" content=\"image\/jpeg\" \/>\n<meta name=\"author\" content=\"Mar\u00eda \u00c1vila\" \/>\n<meta name=\"twitter:card\" content=\"summary_large_image\" \/>\n<meta name=\"twitter:title\" content=\"Una muy bella desobediencia\" \/>\n<meta name=\"twitter:description\" content=\"Judith es vegana, fot\u00f3grafa, tatuadora y ciclista. Vive en Tijuana, donde practica todo eso en una experiencia de vida creativa y solidaria. \u00c9sta es su historia.\" \/>\n<meta name=\"twitter:image\" content=\"https:\/\/reciclarseenlaciudad.com\/wp-content\/uploads\/2023\/08\/Judith_Head.jpg\" \/>\n<meta name=\"twitter:creator\" content=\"@ReciclarseC\" \/>\n<meta name=\"twitter:site\" content=\"@ReciclarseC\" \/>\n<meta name=\"twitter:label1\" content=\"Written by\" \/>\n\t<meta name=\"twitter:data1\" content=\"Mar\u00eda \u00c1vila\" \/>\n\t<meta name=\"twitter:label2\" content=\"Est. reading time\" \/>\n\t<meta name=\"twitter:data2\" content=\"10 minutes\" \/>\n<script type=\"application\/ld+json\" class=\"yoast-schema-graph\">{\"@context\":\"https:\\\/\\\/schema.org\",\"@graph\":[{\"@type\":\"Article\",\"@id\":\"https:\\\/\\\/reciclarseenlaciudad.com\\\/lo-que-hace-la-bicicleta\\\/#article\",\"isPartOf\":{\"@id\":\"https:\\\/\\\/reciclarseenlaciudad.com\\\/lo-que-hace-la-bicicleta\\\/\"},\"author\":{\"name\":\"Mar\u00eda \u00c1vila\",\"@id\":\"https:\\\/\\\/reciclarseenlaciudad.com\\\/#\\\/schema\\\/person\\\/a139b0d66375622339e2513cb05b332f\"},\"headline\":\"Lo que hace la bicicleta\",\"datePublished\":\"2024-07-17T05:27:51+00:00\",\"dateModified\":\"2025-05-15T01:19:27+00:00\",\"mainEntityOfPage\":{\"@id\":\"https:\\\/\\\/reciclarseenlaciudad.com\\\/lo-que-hace-la-bicicleta\\\/\"},\"wordCount\":2000,\"publisher\":{\"@id\":\"https:\\\/\\\/reciclarseenlaciudad.com\\\/#organization\"},\"image\":{\"@id\":\"https:\\\/\\\/reciclarseenlaciudad.com\\\/lo-que-hace-la-bicicleta\\\/#primaryimage\"},\"thumbnailUrl\":\"https:\\\/\\\/reciclarseenlaciudad.com\\\/wp-content\\\/uploads\\\/2024\\\/07\\\/A_Soto_Head.jpg\",\"keywords\":[\"Ambientalismo\",\"animales\",\"Barrio\",\"Comunidad\",\"Familia\",\"Medicina\",\"Salud\",\"salud mental\",\"trabajo\"],\"articleSection\":[\"Oaxaca\"],\"inLanguage\":\"en-CA\"},{\"@type\":\"WebPage\",\"@id\":\"https:\\\/\\\/reciclarseenlaciudad.com\\\/lo-que-hace-la-bicicleta\\\/\",\"url\":\"https:\\\/\\\/reciclarseenlaciudad.com\\\/lo-que-hace-la-bicicleta\\\/\",\"name\":\"Lo que hace la bicicleta - (re)Ciclarse en la Ciudad\",\"isPartOf\":{\"@id\":\"https:\\\/\\\/reciclarseenlaciudad.com\\\/#website\"},\"primaryImageOfPage\":{\"@id\":\"https:\\\/\\\/reciclarseenlaciudad.com\\\/lo-que-hace-la-bicicleta\\\/#primaryimage\"},\"image\":{\"@id\":\"https:\\\/\\\/reciclarseenlaciudad.com\\\/lo-que-hace-la-bicicleta\\\/#primaryimage\"},\"thumbnailUrl\":\"https:\\\/\\\/reciclarseenlaciudad.com\\\/wp-content\\\/uploads\\\/2024\\\/07\\\/A_Soto_Head.jpg\",\"datePublished\":\"2024-07-17T05:27:51+00:00\",\"dateModified\":\"2025-05-15T01:19:27+00:00\",\"description\":\"\u00bfLa conexi\u00f3n entre la bicicleta y la poes\u00eda? Como dijo Einstein de la bici, para delante, a pedalazos y con equilibrio. Nosotros decimos, ceder ante los dem\u00e1s, a\u00fan no tengan el derecho. Es una de nuestras reglas de oro aqu\u00ed en el ciclismo. Por ejemplo, si veo que est\u00e1 el siga, yo tengo la prioridad, pero veo que est\u00e1 un coche pas\u00e1ndose el alto, pos mejor freno, \u00bfpor qu\u00e9? Porque me voy a evitar problemas. Ceder ante los dem\u00e1s a\u00fan no tengan el derecho. Y all\u00ed entra la poes\u00eda, all\u00ed entra la poes\u00eda.\",\"breadcrumb\":{\"@id\":\"https:\\\/\\\/reciclarseenlaciudad.com\\\/lo-que-hace-la-bicicleta\\\/#breadcrumb\"},\"inLanguage\":\"en-CA\",\"potentialAction\":[{\"@type\":\"ReadAction\",\"target\":[\"https:\\\/\\\/reciclarseenlaciudad.com\\\/lo-que-hace-la-bicicleta\\\/\"]}]},{\"@type\":\"ImageObject\",\"inLanguage\":\"en-CA\",\"@id\":\"https:\\\/\\\/reciclarseenlaciudad.com\\\/lo-que-hace-la-bicicleta\\\/#primaryimage\",\"url\":\"https:\\\/\\\/reciclarseenlaciudad.com\\\/wp-content\\\/uploads\\\/2024\\\/07\\\/A_Soto_Head.jpg\",\"contentUrl\":\"https:\\\/\\\/reciclarseenlaciudad.com\\\/wp-content\\\/uploads\\\/2024\\\/07\\\/A_Soto_Head.jpg\",\"width\":1200,\"height\":587},{\"@type\":\"BreadcrumbList\",\"@id\":\"https:\\\/\\\/reciclarseenlaciudad.com\\\/lo-que-hace-la-bicicleta\\\/#breadcrumb\",\"itemListElement\":[{\"@type\":\"ListItem\",\"position\":1,\"name\":\"Home\",\"item\":\"https:\\\/\\\/reciclarseenlaciudad.com\\\/\"},{\"@type\":\"ListItem\",\"position\":2,\"name\":\"Lo que hace la bicicleta\"}]},{\"@type\":\"WebSite\",\"@id\":\"https:\\\/\\\/reciclarseenlaciudad.com\\\/#website\",\"url\":\"https:\\\/\\\/reciclarseenlaciudad.com\\\/\",\"name\":\"(re)Ciclarse en la Ciudad\",\"description\":\"(re)Ciclarse en la Ciudad\",\"publisher\":{\"@id\":\"https:\\\/\\\/reciclarseenlaciudad.com\\\/#organization\"},\"potentialAction\":[{\"@type\":\"SearchAction\",\"target\":{\"@type\":\"EntryPoint\",\"urlTemplate\":\"https:\\\/\\\/reciclarseenlaciudad.com\\\/?s={search_term_string}\"},\"query-input\":{\"@type\":\"PropertyValueSpecification\",\"valueRequired\":true,\"valueName\":\"search_term_string\"}}],\"inLanguage\":\"en-CA\"},{\"@type\":\"Organization\",\"@id\":\"https:\\\/\\\/reciclarseenlaciudad.com\\\/#organization\",\"name\":\"(re)Ciclarse en la Ciudad\",\"url\":\"https:\\\/\\\/reciclarseenlaciudad.com\\\/\",\"logo\":{\"@type\":\"ImageObject\",\"inLanguage\":\"en-CA\",\"@id\":\"https:\\\/\\\/reciclarseenlaciudad.com\\\/#\\\/schema\\\/logo\\\/image\\\/\",\"url\":\"https:\\\/\\\/reciclarseenlaciudad.com\\\/wp-content\\\/uploads\\\/2021\\\/02\\\/Logo-re-ciclarse-sin-slogan.png\",\"contentUrl\":\"https:\\\/\\\/reciclarseenlaciudad.com\\\/wp-content\\\/uploads\\\/2021\\\/02\\\/Logo-re-ciclarse-sin-slogan.png\",\"width\":1839,\"height\":930,\"caption\":\"(re)Ciclarse en la Ciudad\"},\"image\":{\"@id\":\"https:\\\/\\\/reciclarseenlaciudad.com\\\/#\\\/schema\\\/logo\\\/image\\\/\"},\"sameAs\":[\"https:\\\/\\\/www.facebook.com\\\/reciclarseenlaciudad\",\"https:\\\/\\\/x.com\\\/ReciclarseC\",\"https:\\\/\\\/www.instagram.com\\\/reciclarseenlaciudad\\\/\"]},{\"@type\":\"Person\",\"@id\":\"https:\\\/\\\/reciclarseenlaciudad.com\\\/#\\\/schema\\\/person\\\/a139b0d66375622339e2513cb05b332f\",\"name\":\"Mar\u00eda \u00c1vila\",\"image\":{\"@type\":\"ImageObject\",\"inLanguage\":\"en-CA\",\"@id\":\"https:\\\/\\\/secure.gravatar.com\\\/avatar\\\/484803b29172e715a28e068fdb5d88e7294539cf23f7103cefed208bef27e1d5?s=96&d=mm&r=g\",\"url\":\"https:\\\/\\\/secure.gravatar.com\\\/avatar\\\/484803b29172e715a28e068fdb5d88e7294539cf23f7103cefed208bef27e1d5?s=96&d=mm&r=g\",\"contentUrl\":\"https:\\\/\\\/secure.gravatar.com\\\/avatar\\\/484803b29172e715a28e068fdb5d88e7294539cf23f7103cefed208bef27e1d5?s=96&d=mm&r=g\",\"caption\":\"Mar\u00eda \u00c1vila\"},\"url\":\"https:\\\/\\\/reciclarseenlaciudad.com\\\/en\\\/author\\\/maria-roavgmail-com\\\/\"}]}<\/script>\n<!-- \/ Yoast SEO plugin. -->","yoast_head_json":{"title":"Lo que hace la bicicleta - (re)Ciclarse en la Ciudad","description":"\u00bfLa conexi\u00f3n entre la bicicleta y la poes\u00eda? Como dijo Einstein de la bici, para delante, a pedalazos y con equilibrio. Nosotros decimos, ceder ante los dem\u00e1s, a\u00fan no tengan el derecho. Es una de nuestras reglas de oro aqu\u00ed en el ciclismo. Por ejemplo, si veo que est\u00e1 el siga, yo tengo la prioridad, pero veo que est\u00e1 un coche pas\u00e1ndose el alto, pos mejor freno, \u00bfpor qu\u00e9? Porque me voy a evitar problemas. Ceder ante los dem\u00e1s a\u00fan no tengan el derecho. Y all\u00ed entra la poes\u00eda, all\u00ed entra la poes\u00eda.","robots":{"index":"index","follow":"follow","max-snippet":"max-snippet:-1","max-image-preview":"max-image-preview:large","max-video-preview":"max-video-preview:-1"},"canonical":"https:\/\/reciclarseenlaciudad.com\/en\/lo-que-hace-la-bicicleta\/","og_locale":"en_US","og_type":"article","og_title":"Una muy bella desobediencia","og_description":"Judith es vegana, fot\u00f3grafa, tatuadora y ciclista. Vive en Tijuana, donde practica todo eso en una experiencia de vida creativa y solidaria. \u00c9sta es su historia.","og_url":"https:\/\/reciclarseenlaciudad.com\/en\/lo-que-hace-la-bicicleta\/","og_site_name":"(re)Ciclarse en la Ciudad","article_publisher":"https:\/\/www.facebook.com\/reciclarseenlaciudad","article_published_time":"2024-07-17T05:27:51+00:00","article_modified_time":"2025-05-15T01:19:27+00:00","og_image":[{"width":2000,"height":825,"url":"https:\/\/reciclarseenlaciudad.com\/wp-content\/uploads\/2023\/08\/Judith_Head.jpg","type":"image\/jpeg"}],"author":"Mar\u00eda \u00c1vila","twitter_card":"summary_large_image","twitter_title":"Una muy bella desobediencia","twitter_description":"Judith es vegana, fot\u00f3grafa, tatuadora y ciclista. Vive en Tijuana, donde practica todo eso en una experiencia de vida creativa y solidaria. \u00c9sta es su historia.","twitter_image":"https:\/\/reciclarseenlaciudad.com\/wp-content\/uploads\/2023\/08\/Judith_Head.jpg","twitter_creator":"@ReciclarseC","twitter_site":"@ReciclarseC","twitter_misc":{"Written by":"Mar\u00eda \u00c1vila","Est. reading time":"10 minutes"},"schema":{"@context":"https:\/\/schema.org","@graph":[{"@type":"Article","@id":"https:\/\/reciclarseenlaciudad.com\/lo-que-hace-la-bicicleta\/#article","isPartOf":{"@id":"https:\/\/reciclarseenlaciudad.com\/lo-que-hace-la-bicicleta\/"},"author":{"name":"Mar\u00eda \u00c1vila","@id":"https:\/\/reciclarseenlaciudad.com\/#\/schema\/person\/a139b0d66375622339e2513cb05b332f"},"headline":"Lo que hace la bicicleta","datePublished":"2024-07-17T05:27:51+00:00","dateModified":"2025-05-15T01:19:27+00:00","mainEntityOfPage":{"@id":"https:\/\/reciclarseenlaciudad.com\/lo-que-hace-la-bicicleta\/"},"wordCount":2000,"publisher":{"@id":"https:\/\/reciclarseenlaciudad.com\/#organization"},"image":{"@id":"https:\/\/reciclarseenlaciudad.com\/lo-que-hace-la-bicicleta\/#primaryimage"},"thumbnailUrl":"https:\/\/reciclarseenlaciudad.com\/wp-content\/uploads\/2024\/07\/A_Soto_Head.jpg","keywords":["Ambientalismo","animales","Barrio","Comunidad","Familia","Medicina","Salud","salud mental","trabajo"],"articleSection":["Oaxaca"],"inLanguage":"en-CA"},{"@type":"WebPage","@id":"https:\/\/reciclarseenlaciudad.com\/lo-que-hace-la-bicicleta\/","url":"https:\/\/reciclarseenlaciudad.com\/lo-que-hace-la-bicicleta\/","name":"Lo que hace la bicicleta - (re)Ciclarse en la Ciudad","isPartOf":{"@id":"https:\/\/reciclarseenlaciudad.com\/#website"},"primaryImageOfPage":{"@id":"https:\/\/reciclarseenlaciudad.com\/lo-que-hace-la-bicicleta\/#primaryimage"},"image":{"@id":"https:\/\/reciclarseenlaciudad.com\/lo-que-hace-la-bicicleta\/#primaryimage"},"thumbnailUrl":"https:\/\/reciclarseenlaciudad.com\/wp-content\/uploads\/2024\/07\/A_Soto_Head.jpg","datePublished":"2024-07-17T05:27:51+00:00","dateModified":"2025-05-15T01:19:27+00:00","description":"\u00bfLa conexi\u00f3n entre la bicicleta y la poes\u00eda? Como dijo Einstein de la bici, para delante, a pedalazos y con equilibrio. Nosotros decimos, ceder ante los dem\u00e1s, a\u00fan no tengan el derecho. Es una de nuestras reglas de oro aqu\u00ed en el ciclismo. Por ejemplo, si veo que est\u00e1 el siga, yo tengo la prioridad, pero veo que est\u00e1 un coche pas\u00e1ndose el alto, pos mejor freno, \u00bfpor qu\u00e9? Porque me voy a evitar problemas. Ceder ante los dem\u00e1s a\u00fan no tengan el derecho. Y all\u00ed entra la poes\u00eda, all\u00ed entra la poes\u00eda.","breadcrumb":{"@id":"https:\/\/reciclarseenlaciudad.com\/lo-que-hace-la-bicicleta\/#breadcrumb"},"inLanguage":"en-CA","potentialAction":[{"@type":"ReadAction","target":["https:\/\/reciclarseenlaciudad.com\/lo-que-hace-la-bicicleta\/"]}]},{"@type":"ImageObject","inLanguage":"en-CA","@id":"https:\/\/reciclarseenlaciudad.com\/lo-que-hace-la-bicicleta\/#primaryimage","url":"https:\/\/reciclarseenlaciudad.com\/wp-content\/uploads\/2024\/07\/A_Soto_Head.jpg","contentUrl":"https:\/\/reciclarseenlaciudad.com\/wp-content\/uploads\/2024\/07\/A_Soto_Head.jpg","width":1200,"height":587},{"@type":"BreadcrumbList","@id":"https:\/\/reciclarseenlaciudad.com\/lo-que-hace-la-bicicleta\/#breadcrumb","itemListElement":[{"@type":"ListItem","position":1,"name":"Home","item":"https:\/\/reciclarseenlaciudad.com\/"},{"@type":"ListItem","position":2,"name":"Lo que hace la bicicleta"}]},{"@type":"WebSite","@id":"https:\/\/reciclarseenlaciudad.com\/#website","url":"https:\/\/reciclarseenlaciudad.com\/","name":"(re)Ciclarse en la Ciudad","description":"(re)Ciclarse en la Ciudad","publisher":{"@id":"https:\/\/reciclarseenlaciudad.com\/#organization"},"potentialAction":[{"@type":"SearchAction","target":{"@type":"EntryPoint","urlTemplate":"https:\/\/reciclarseenlaciudad.com\/?s={search_term_string}"},"query-input":{"@type":"PropertyValueSpecification","valueRequired":true,"valueName":"search_term_string"}}],"inLanguage":"en-CA"},{"@type":"Organization","@id":"https:\/\/reciclarseenlaciudad.com\/#organization","name":"(re)Ciclarse en la Ciudad","url":"https:\/\/reciclarseenlaciudad.com\/","logo":{"@type":"ImageObject","inLanguage":"en-CA","@id":"https:\/\/reciclarseenlaciudad.com\/#\/schema\/logo\/image\/","url":"https:\/\/reciclarseenlaciudad.com\/wp-content\/uploads\/2021\/02\/Logo-re-ciclarse-sin-slogan.png","contentUrl":"https:\/\/reciclarseenlaciudad.com\/wp-content\/uploads\/2021\/02\/Logo-re-ciclarse-sin-slogan.png","width":1839,"height":930,"caption":"(re)Ciclarse en la Ciudad"},"image":{"@id":"https:\/\/reciclarseenlaciudad.com\/#\/schema\/logo\/image\/"},"sameAs":["https:\/\/www.facebook.com\/reciclarseenlaciudad","https:\/\/x.com\/ReciclarseC","https:\/\/www.instagram.com\/reciclarseenlaciudad\/"]},{"@type":"Person","@id":"https:\/\/reciclarseenlaciudad.com\/#\/schema\/person\/a139b0d66375622339e2513cb05b332f","name":"Mar\u00eda \u00c1vila","image":{"@type":"ImageObject","inLanguage":"en-CA","@id":"https:\/\/secure.gravatar.com\/avatar\/484803b29172e715a28e068fdb5d88e7294539cf23f7103cefed208bef27e1d5?s=96&d=mm&r=g","url":"https:\/\/secure.gravatar.com\/avatar\/484803b29172e715a28e068fdb5d88e7294539cf23f7103cefed208bef27e1d5?s=96&d=mm&r=g","contentUrl":"https:\/\/secure.gravatar.com\/avatar\/484803b29172e715a28e068fdb5d88e7294539cf23f7103cefed208bef27e1d5?s=96&d=mm&r=g","caption":"Mar\u00eda \u00c1vila"},"url":"https:\/\/reciclarseenlaciudad.com\/en\/author\/maria-roavgmail-com\/"}]}},"_links":{"self":[{"href":"https:\/\/reciclarseenlaciudad.com\/en\/wp-json\/wp\/v2\/posts\/6756","targetHints":{"allow":["GET"]}}],"collection":[{"href":"https:\/\/reciclarseenlaciudad.com\/en\/wp-json\/wp\/v2\/posts"}],"about":[{"href":"https:\/\/reciclarseenlaciudad.com\/en\/wp-json\/wp\/v2\/types\/post"}],"author":[{"embeddable":true,"href":"https:\/\/reciclarseenlaciudad.com\/en\/wp-json\/wp\/v2\/users\/5"}],"replies":[{"embeddable":true,"href":"https:\/\/reciclarseenlaciudad.com\/en\/wp-json\/wp\/v2\/comments?post=6756"}],"version-history":[{"count":5,"href":"https:\/\/reciclarseenlaciudad.com\/en\/wp-json\/wp\/v2\/posts\/6756\/revisions"}],"predecessor-version":[{"id":6792,"href":"https:\/\/reciclarseenlaciudad.com\/en\/wp-json\/wp\/v2\/posts\/6756\/revisions\/6792"}],"wp:featuredmedia":[{"embeddable":true,"href":"https:\/\/reciclarseenlaciudad.com\/en\/wp-json\/wp\/v2\/media\/6771"}],"wp:attachment":[{"href":"https:\/\/reciclarseenlaciudad.com\/en\/wp-json\/wp\/v2\/media?parent=6756"}],"wp:term":[{"taxonomy":"category","embeddable":true,"href":"https:\/\/reciclarseenlaciudad.com\/en\/wp-json\/wp\/v2\/categories?post=6756"},{"taxonomy":"post_tag","embeddable":true,"href":"https:\/\/reciclarseenlaciudad.com\/en\/wp-json\/wp\/v2\/tags?post=6756"}],"curies":[{"name":"wp","href":"https:\/\/api.w.org\/{rel}","templated":true}]}}