{"id":5628,"date":"2022-03-29T04:40:49","date_gmt":"2022-03-29T04:40:49","guid":{"rendered":"https:\/\/reciclarseenlaciudad.com\/?p=5628"},"modified":"2022-04-02T10:53:47","modified_gmt":"2022-04-02T10:53:47","slug":"8m2022","status":"publish","type":"post","link":"https:\/\/reciclarseenlaciudad.com\/en\/8m2022\/","title":{"rendered":"#8M2022"},"content":{"rendered":"<div data-elementor-type=\"wp-post\" data-elementor-id=\"5628\" class=\"elementor elementor-5628\" data-elementor-post-type=\"post\">\n\t\t\t\t\t\t<section class=\"elementor-section elementor-top-section elementor-element elementor-element-1f28c6d elementor-section-full_width elementor-section-height-default elementor-section-height-default\" data-id=\"1f28c6d\" data-element_type=\"section\" data-e-type=\"section\">\n\t\t\t\t\t\t<div class=\"elementor-container elementor-column-gap-default\">\n\t\t\t\t\t<div class=\"elementor-column elementor-col-100 elementor-top-column elementor-element elementor-element-0606d67\" data-id=\"0606d67\" data-element_type=\"column\" data-e-type=\"column\">\n\t\t\t<div class=\"elementor-widget-wrap\">\n\t\t\t\t\t\t\t<\/div>\n\t\t<\/div>\n\t\t\t\t\t<\/div>\n\t\t<\/section>\n\t\t\t\t<section class=\"elementor-section elementor-top-section elementor-element elementor-element-20a83e39 elementor-section-stretched elementor-section-boxed elementor-section-height-default elementor-section-height-default\" data-id=\"20a83e39\" data-element_type=\"section\" data-e-type=\"section\" data-settings=\"{&quot;stretch_section&quot;:&quot;section-stretched&quot;}\">\n\t\t\t\t\t\t<div class=\"elementor-container elementor-column-gap-default\">\n\t\t\t\t\t<div class=\"elementor-column elementor-col-100 elementor-top-column elementor-element elementor-element-10fbf325\" data-id=\"10fbf325\" data-element_type=\"column\" data-e-type=\"column\">\n\t\t\t<div class=\"elementor-widget-wrap elementor-element-populated\">\n\t\t\t\t\t\t<div class=\"elementor-element elementor-element-23a5803e elementor-widget elementor-widget-image\" data-id=\"23a5803e\" data-element_type=\"widget\" data-e-type=\"widget\" data-widget_type=\"image.default\">\n\t\t\t\t<div class=\"elementor-widget-container\">\n\t\t\t\t\t\t\t\t\t\t\t\t<figure class=\"wp-caption\">\n\t\t\t\t\t\t\t\t\t\t<img fetchpriority=\"high\" decoding=\"async\" width=\"1280\" height=\"838\" src=\"https:\/\/reciclarseenlaciudad.com\/wp-content\/uploads\/2022\/03\/ClandestinasBike2.jpg\" class=\"attachment-full size-full wp-image-5634\" alt=\"\" srcset=\"https:\/\/reciclarseenlaciudad.com\/wp-content\/uploads\/2022\/03\/ClandestinasBike2.jpg 1280w, https:\/\/reciclarseenlaciudad.com\/wp-content\/uploads\/2022\/03\/ClandestinasBike2-300x196.jpg 300w, https:\/\/reciclarseenlaciudad.com\/wp-content\/uploads\/2022\/03\/ClandestinasBike2-1024x670.jpg 1024w, https:\/\/reciclarseenlaciudad.com\/wp-content\/uploads\/2022\/03\/ClandestinasBike2-768x503.jpg 768w, https:\/\/reciclarseenlaciudad.com\/wp-content\/uploads\/2022\/03\/ClandestinasBike2-18x12.jpg 18w\" sizes=\"(max-width: 1280px) 100vw, 1280px\" \/>\t\t\t\t\t\t\t\t\t\t\t<figcaption class=\"widget-image-caption wp-caption-text\">\"Y cuando me encuentro con otras mujeres que van en Bici, me siento abrazada, s\u00e9 que a donde vaya habr\u00e1 alguna chica que tambi\u00e9n se mueve en dos ruedas, que estaremos dispuestas a luchar por mejorar la vida...\" @Nickyenbici. Foto: Samantha Ocejo<\/figcaption>\n\t\t\t\t\t\t\t\t\t\t<\/figure>\n\t\t\t\t\t\t\t\t\t<\/div>\n\t\t\t\t<\/div>\n\t\t\t\t\t<\/div>\n\t\t<\/div>\n\t\t\t\t\t<\/div>\n\t\t<\/section>\n\t\t\t\t<section class=\"elementor-section elementor-top-section elementor-element elementor-element-fa7fe9c elementor-section-boxed elementor-section-height-default elementor-section-height-default\" data-id=\"fa7fe9c\" data-element_type=\"section\" data-e-type=\"section\">\n\t\t\t\t\t\t<div class=\"elementor-container elementor-column-gap-default\">\n\t\t\t\t\t<div class=\"elementor-column elementor-col-100 elementor-top-column elementor-element elementor-element-bdb8732\" data-id=\"bdb8732\" data-element_type=\"column\" data-e-type=\"column\">\n\t\t\t<div class=\"elementor-widget-wrap elementor-element-populated\">\n\t\t\t\t\t\t<div class=\"elementor-element elementor-element-25f59db0 elementor-widget elementor-widget-text-editor\" data-id=\"25f59db0\" data-element_type=\"widget\" data-e-type=\"widget\" data-widget_type=\"text-editor.default\">\n\t\t\t\t<div class=\"elementor-widget-container\">\n\t\t\t\t\t\t\t\t\t<p>Cr\u00f3nica fotogr\u00e1fica colectiva<\/p>\t\t\t\t\t\t\t\t<\/div>\n\t\t\t\t<\/div>\n\t\t\t\t<div class=\"elementor-element elementor-element-70fdb926 elementor-widget elementor-widget-text-editor\" data-id=\"70fdb926\" data-element_type=\"widget\" data-e-type=\"widget\" data-widget_type=\"text-editor.default\">\n\t\t\t\t<div class=\"elementor-widget-container\">\n\t\t\t\t\t\t\t\t\t<p>#8M2022<\/p>\t\t\t\t\t\t\t\t<\/div>\n\t\t\t\t<\/div>\n\t\t\t\t<div class=\"elementor-element elementor-element-a0f88bc elementor-widget elementor-widget-text-editor\" data-id=\"a0f88bc\" data-element_type=\"widget\" data-e-type=\"widget\" data-widget_type=\"text-editor.default\">\n\t\t\t\t<div class=\"elementor-widget-container\">\n\t\t\t\t\t\t\t\t\t<p><i>En Marzo, miles de mujeres en diferentes lugares de M\u00e9xico tomaron las calles para manifestarse en contra de la violencia de g\u00e9nero. Aqu\u00ed mostramos algunas fotograf\u00edas de aquellas que\u00a0 las tomaron a pedal. Algunas de estas rodadas se realizaron el 8 de Marzo a la par que la marcha del D\u00eda Internacional de la Mujer; otras fueron eventos repartidos durante todo el mes.\u00a0<\/i><\/p>\t\t\t\t\t\t\t\t<\/div>\n\t\t\t\t<\/div>\n\t\t\t\t\t<\/div>\n\t\t<\/div>\n\t\t\t\t\t<\/div>\n\t\t<\/section>\n\t\t\t\t<section class=\"elementor-section elementor-top-section elementor-element elementor-element-927b2e5 elementor-section-boxed elementor-section-height-default elementor-section-height-default\" data-id=\"927b2e5\" data-element_type=\"section\" data-e-type=\"section\" data-settings=\"{&quot;background_background&quot;:&quot;classic&quot;}\">\n\t\t\t\t\t\t<div class=\"elementor-container elementor-column-gap-default\">\n\t\t\t\t\t<div class=\"elementor-column elementor-col-100 elementor-top-column elementor-element elementor-element-45214d5\" data-id=\"45214d5\" data-element_type=\"column\" data-e-type=\"column\">\n\t\t\t<div class=\"elementor-widget-wrap elementor-element-populated\">\n\t\t\t\t\t\t<div class=\"elementor-element elementor-element-83849d7 elementor-widget elementor-widget-text-editor\" data-id=\"83849d7\" data-element_type=\"widget\" data-e-type=\"widget\" data-widget_type=\"text-editor.default\">\n\t\t\t\t<div class=\"elementor-widget-container\">\n\t\t\t\t\t\t\t\t\t<p><i>\u00bfQuieres compartir aqu\u00ed las fotos de tu\u00a0 #8M2022 en bici? Env\u00edanoslas con tus datos y un breve texto o un pie de foto.<\/i><\/p>\t\t\t\t\t\t\t\t<\/div>\n\t\t\t\t<\/div>\n\t\t\t\t\t<\/div>\n\t\t<\/div>\n\t\t\t\t\t<\/div>\n\t\t<\/section>\n\t\t\t\t<section class=\"elementor-section elementor-top-section elementor-element elementor-element-230a515 elementor-section-boxed elementor-section-height-default elementor-section-height-default\" data-id=\"230a515\" data-element_type=\"section\" data-e-type=\"section\">\n\t\t\t\t\t\t<div class=\"elementor-container elementor-column-gap-default\">\n\t\t\t\t\t<div class=\"elementor-column elementor-col-100 elementor-top-column elementor-element elementor-element-d55c1f1\" data-id=\"d55c1f1\" data-element_type=\"column\" data-e-type=\"column\">\n\t\t\t<div class=\"elementor-widget-wrap elementor-element-populated\">\n\t\t\t\t\t\t<div class=\"elementor-element elementor-element-4be3c96 elementor-widget-divider--view-line elementor-widget elementor-widget-divider\" data-id=\"4be3c96\" data-element_type=\"widget\" data-e-type=\"widget\" data-widget_type=\"divider.default\">\n\t\t\t\t<div class=\"elementor-widget-container\">\n\t\t\t\t\t\t\t<div class=\"elementor-divider\">\n\t\t\t<span class=\"elementor-divider-separator\">\n\t\t\t\t\t\t<\/span>\n\t\t<\/div>\n\t\t\t\t\t\t<\/div>\n\t\t\t\t<\/div>\n\t\t\t\t\t<\/div>\n\t\t<\/div>\n\t\t\t\t\t<\/div>\n\t\t<\/section>\n\t\t\t\t<section class=\"elementor-section elementor-top-section elementor-element elementor-element-c4cc226 elementor-section-boxed elementor-section-height-default elementor-section-height-default\" data-id=\"c4cc226\" data-element_type=\"section\" data-e-type=\"section\">\n\t\t\t\t\t\t<div class=\"elementor-container elementor-column-gap-default\">\n\t\t\t\t\t<div class=\"elementor-column elementor-col-100 elementor-top-column elementor-element elementor-element-d1a6308\" data-id=\"d1a6308\" data-element_type=\"column\" data-e-type=\"column\">\n\t\t\t<div class=\"elementor-widget-wrap elementor-element-populated\">\n\t\t\t\t\t\t<div class=\"elementor-element elementor-element-0065982 elementor-widget elementor-widget-text-editor\" data-id=\"0065982\" data-element_type=\"widget\" data-e-type=\"widget\" data-widget_type=\"text-editor.default\">\n\t\t\t\t<div class=\"elementor-widget-container\">\n\t\t\t\t\t\t\t\t\t<p>Sororidad<\/p>\t\t\t\t\t\t\t\t<\/div>\n\t\t\t\t<\/div>\n\t\t\t\t\t<\/div>\n\t\t<\/div>\n\t\t\t\t\t<\/div>\n\t\t<\/section>\n\t\t\t\t<section class=\"elementor-section elementor-top-section elementor-element elementor-element-93b875d elementor-section-boxed elementor-section-height-default elementor-section-height-default\" data-id=\"93b875d\" data-element_type=\"section\" data-e-type=\"section\">\n\t\t\t\t\t\t<div class=\"elementor-container elementor-column-gap-default\">\n\t\t\t\t\t<div class=\"elementor-column elementor-col-100 elementor-top-column elementor-element elementor-element-986c700\" data-id=\"986c700\" data-element_type=\"column\" data-e-type=\"column\">\n\t\t\t<div class=\"elementor-widget-wrap elementor-element-populated\">\n\t\t\t\t\t\t<div class=\"elementor-element elementor-element-49d9636 elementor-widget elementor-widget-text-editor\" data-id=\"49d9636\" data-element_type=\"widget\" data-e-type=\"widget\" data-widget_type=\"text-editor.default\">\n\t\t\t\t<div class=\"elementor-widget-container\">\n\t\t\t\t\t\t\t\t\t<p><span lang=\"EN-CA\" xml:lang=\"EN-CA\" data-contrast=\"none\">Poder, resistencia, valor, determinaci\u00f3n, disciplina, lealtad, amor, fortaleza, dedicaci\u00f3n, autonom\u00eda, compasi\u00f3n, felicidad, independencia, gratitud, sabidur\u00eda, sacrificio, sensibilidad, inspiraci\u00f3n, constancia, pasi\u00f3n, superaci\u00f3n, respeto, uni\u00f3n, amistad, apoyo, cari\u00f1o, empat\u00eda, gratitud, paciencia, bondad, sinceridad, esfuerzo, empat\u00eda, felicidad, honestidad, alegr\u00eda, altruismo, autovaloraci\u00f3n, solidaridad, voluntad, tolerancia, SORORIDAD.\u00a0<\/span>\u00a0<\/p>\t\t\t\t\t\t\t\t<\/div>\n\t\t\t\t<\/div>\n\t\t\t\t\t<\/div>\n\t\t<\/div>\n\t\t\t\t\t<\/div>\n\t\t<\/section>\n\t\t\t\t<section class=\"elementor-section elementor-top-section elementor-element elementor-element-9a1f95b elementor-section-boxed elementor-section-height-default elementor-section-height-default\" data-id=\"9a1f95b\" data-element_type=\"section\" data-e-type=\"section\">\n\t\t\t\t\t\t<div class=\"elementor-container elementor-column-gap-default\">\n\t\t\t\t\t<div class=\"elementor-column elementor-col-100 elementor-top-column elementor-element elementor-element-aa31916\" data-id=\"aa31916\" data-element_type=\"column\" data-e-type=\"column\">\n\t\t\t<div class=\"elementor-widget-wrap elementor-element-populated\">\n\t\t\t\t\t\t<div class=\"elementor-element elementor-element-34bda00 elementor-widget elementor-widget-text-editor\" data-id=\"34bda00\" data-element_type=\"widget\" data-e-type=\"widget\" data-widget_type=\"text-editor.default\">\n\t\t\t\t<div class=\"elementor-widget-container\">\n\t\t\t\t\t\t\t\t\t<p>Son algunos de los valores que he descubierto en lxs integrantes de este grupo.<\/p>\t\t\t\t\t\t\t\t<\/div>\n\t\t\t\t<\/div>\n\t\t\t\t\t<\/div>\n\t\t<\/div>\n\t\t\t\t\t<\/div>\n\t\t<\/section>\n\t\t\t\t<section class=\"elementor-section elementor-top-section elementor-element elementor-element-922a90c elementor-section-boxed elementor-section-height-default elementor-section-height-default\" data-id=\"922a90c\" data-element_type=\"section\" data-e-type=\"section\">\n\t\t\t\t\t\t<div class=\"elementor-container elementor-column-gap-default\">\n\t\t\t\t\t<div class=\"elementor-column elementor-col-100 elementor-top-column elementor-element elementor-element-fb3a350\" data-id=\"fb3a350\" data-element_type=\"column\" data-e-type=\"column\">\n\t\t\t<div class=\"elementor-widget-wrap elementor-element-populated\">\n\t\t\t\t\t\t<div class=\"elementor-element elementor-element-f1de7f5 elementor-widget elementor-widget-image\" data-id=\"f1de7f5\" data-element_type=\"widget\" data-e-type=\"widget\" data-widget_type=\"image.default\">\n\t\t\t\t<div class=\"elementor-widget-container\">\n\t\t\t\t\t\t\t\t\t\t\t\t<figure class=\"wp-caption\">\n\t\t\t\t\t\t\t\t\t\t\t<a href=\"https:\/\/reciclarseenlaciudad.com\/wp-content\/uploads\/2022\/03\/FridasenbiciCDMX.jpg\" data-elementor-open-lightbox=\"yes\" data-elementor-lightbox-title=\"FridasenbiciCDMX\" data-e-action-hash=\"#elementor-action%3Aaction%3Dlightbox%26settings%3DeyJpZCI6NTYzNiwidXJsIjoiaHR0cHM6XC9cL3JlY2ljbGFyc2VlbmxhY2l1ZGFkLmNvbVwvd3AtY29udGVudFwvdXBsb2Fkc1wvMjAyMlwvMDNcL0ZyaWRhc2VuYmljaUNETVguanBnIn0%3D\">\n\t\t\t\t\t\t\t<img decoding=\"async\" width=\"1024\" height=\"1024\" src=\"https:\/\/reciclarseenlaciudad.com\/wp-content\/uploads\/2022\/03\/FridasenbiciCDMX-1024x1024.jpg\" class=\"attachment-large size-large wp-image-5636\" alt=\"\" srcset=\"https:\/\/reciclarseenlaciudad.com\/wp-content\/uploads\/2022\/03\/FridasenbiciCDMX-1024x1024.jpg 1024w, https:\/\/reciclarseenlaciudad.com\/wp-content\/uploads\/2022\/03\/FridasenbiciCDMX-300x300.jpg 300w, https:\/\/reciclarseenlaciudad.com\/wp-content\/uploads\/2022\/03\/FridasenbiciCDMX-150x150.jpg 150w, https:\/\/reciclarseenlaciudad.com\/wp-content\/uploads\/2022\/03\/FridasenbiciCDMX-768x768.jpg 768w, https:\/\/reciclarseenlaciudad.com\/wp-content\/uploads\/2022\/03\/FridasenbiciCDMX-12x12.jpg 12w, https:\/\/reciclarseenlaciudad.com\/wp-content\/uploads\/2022\/03\/FridasenbiciCDMX-100x100.jpg 100w, https:\/\/reciclarseenlaciudad.com\/wp-content\/uploads\/2022\/03\/FridasenbiciCDMX-50x50.jpg 50w, https:\/\/reciclarseenlaciudad.com\/wp-content\/uploads\/2022\/03\/FridasenbiciCDMX.jpg 1080w\" sizes=\"(max-width: 1024px) 100vw, 1024px\" \/>\t\t\t\t\t\t\t\t<\/a>\n\t\t\t\t\t\t\t\t\t\t\t<figcaption class=\"widget-image-caption wp-caption-text\">Conmemorando el #D\u00edaInternacionalDeLaMujer <\/figcaption>\n\t\t\t\t\t\t\t\t\t\t<\/figure>\n\t\t\t\t\t\t\t\t\t<\/div>\n\t\t\t\t<\/div>\n\t\t\t\t\t<\/div>\n\t\t<\/div>\n\t\t\t\t\t<\/div>\n\t\t<\/section>\n\t\t\t\t<section class=\"elementor-section elementor-top-section elementor-element elementor-element-49fa181 elementor-section-boxed elementor-section-height-default elementor-section-height-default\" data-id=\"49fa181\" data-element_type=\"section\" data-e-type=\"section\">\n\t\t\t\t\t\t<div class=\"elementor-container elementor-column-gap-default\">\n\t\t\t\t\t<div class=\"elementor-column elementor-col-100 elementor-top-column elementor-element elementor-element-09ae32e\" data-id=\"09ae32e\" data-element_type=\"column\" data-e-type=\"column\">\n\t\t\t<div class=\"elementor-widget-wrap elementor-element-populated\">\n\t\t\t\t\t\t<div class=\"elementor-element elementor-element-d5a9ae1 elementor-widget elementor-widget-text-editor\" data-id=\"d5a9ae1\" data-element_type=\"widget\" data-e-type=\"widget\" data-widget_type=\"text-editor.default\">\n\t\t\t\t<div class=\"elementor-widget-container\">\n\t\t\t\t\t\t\t\t\t<p><span style=\"letter-spacing: 0.3px;\">Cr\u00e9ditos:\u00a0<\/span><span lang=\"EN-CA\" style=\"letter-spacing: 0.3px;\" xml:lang=\"EN-CA\" data-contrast=\"none\"> <a href=\"https:\/\/www.instagram.com\/fridasenbici_cdmx\/\">Fridas en Bici Cdmx <\/a>\u00a0<\/span><br style=\"letter-spacing: 0.3px;\" \/><span style=\"letter-spacing: 0.3px;\">Colectivo: Fridas en Bici\u00a0<\/span><\/p><p><span style=\"letter-spacing: 0.3px;\">Lugar: CDXM<\/span><\/p>\t\t\t\t\t\t\t\t<\/div>\n\t\t\t\t<\/div>\n\t\t\t\t\t<\/div>\n\t\t<\/div>\n\t\t\t\t\t<\/div>\n\t\t<\/section>\n\t\t\t\t<section class=\"elementor-section elementor-top-section elementor-element elementor-element-1eebfa53 elementor-section-boxed elementor-section-height-default elementor-section-height-default\" data-id=\"1eebfa53\" data-element_type=\"section\" data-e-type=\"section\">\n\t\t\t\t\t\t<div class=\"elementor-container elementor-column-gap-default\">\n\t\t\t\t\t<div class=\"elementor-column elementor-col-100 elementor-top-column elementor-element elementor-element-1a9a9545\" data-id=\"1a9a9545\" data-element_type=\"column\" data-e-type=\"column\">\n\t\t\t<div class=\"elementor-widget-wrap elementor-element-populated\">\n\t\t\t\t\t\t<div class=\"elementor-element elementor-element-2e30af09 elementor-widget-divider--view-line elementor-widget elementor-widget-divider\" data-id=\"2e30af09\" data-element_type=\"widget\" data-e-type=\"widget\" data-widget_type=\"divider.default\">\n\t\t\t\t<div class=\"elementor-widget-container\">\n\t\t\t\t\t\t\t<div class=\"elementor-divider\">\n\t\t\t<span class=\"elementor-divider-separator\">\n\t\t\t\t\t\t<\/span>\n\t\t<\/div>\n\t\t\t\t\t\t<\/div>\n\t\t\t\t<\/div>\n\t\t\t\t\t<\/div>\n\t\t<\/div>\n\t\t\t\t\t<\/div>\n\t\t<\/section>\n\t\t\t\t<section class=\"elementor-section elementor-top-section elementor-element elementor-element-d884b3e elementor-section-boxed elementor-section-height-default elementor-section-height-default\" data-id=\"d884b3e\" data-element_type=\"section\" data-e-type=\"section\">\n\t\t\t\t\t\t<div class=\"elementor-container elementor-column-gap-default\">\n\t\t\t\t\t<div class=\"elementor-column elementor-col-100 elementor-top-column elementor-element elementor-element-11d1796\" data-id=\"11d1796\" data-element_type=\"column\" data-e-type=\"column\">\n\t\t\t<div class=\"elementor-widget-wrap elementor-element-populated\">\n\t\t\t\t\t\t<div class=\"elementor-element elementor-element-73b828c elementor-widget elementor-widget-text-editor\" data-id=\"73b828c\" data-element_type=\"widget\" data-e-type=\"widget\" data-widget_type=\"text-editor.default\">\n\t\t\t\t<div class=\"elementor-widget-container\">\n\t\t\t\t\t\t\t\t\t<p><span style=\"color: #9b3bae; font-size: 30px; letter-spacing: 0.3px;\">Juntas somos m\u00e1s fuertes<\/span><\/p>\t\t\t\t\t\t\t\t<\/div>\n\t\t\t\t<\/div>\n\t\t\t\t\t<\/div>\n\t\t<\/div>\n\t\t\t\t\t<\/div>\n\t\t<\/section>\n\t\t\t\t<section class=\"elementor-section elementor-top-section elementor-element elementor-element-f4a25fb elementor-section-boxed elementor-section-height-default elementor-section-height-default\" data-id=\"f4a25fb\" data-element_type=\"section\" data-e-type=\"section\">\n\t\t\t\t\t\t<div class=\"elementor-container elementor-column-gap-default\">\n\t\t\t\t\t<div class=\"elementor-column elementor-col-50 elementor-top-column elementor-element elementor-element-dc3b01d\" data-id=\"dc3b01d\" data-element_type=\"column\" data-e-type=\"column\">\n\t\t\t<div class=\"elementor-widget-wrap elementor-element-populated\">\n\t\t\t\t\t\t<div class=\"elementor-element elementor-element-27a262b elementor-widget elementor-widget-image\" data-id=\"27a262b\" data-element_type=\"widget\" data-e-type=\"widget\" data-widget_type=\"image.default\">\n\t\t\t\t<div class=\"elementor-widget-container\">\n\t\t\t\t\t\t\t\t\t\t\t\t<figure class=\"wp-caption\">\n\t\t\t\t\t\t\t\t\t\t<img decoding=\"async\" width=\"847\" height=\"1280\" src=\"https:\/\/reciclarseenlaciudad.com\/wp-content\/uploads\/2022\/03\/ClandestinasBike1.jpg\" class=\"attachment-1536x1536 size-1536x1536 wp-image-5637\" alt=\"\" srcset=\"https:\/\/reciclarseenlaciudad.com\/wp-content\/uploads\/2022\/03\/ClandestinasBike1.jpg 847w, https:\/\/reciclarseenlaciudad.com\/wp-content\/uploads\/2022\/03\/ClandestinasBike1-199x300.jpg 199w, https:\/\/reciclarseenlaciudad.com\/wp-content\/uploads\/2022\/03\/ClandestinasBike1-678x1024.jpg 678w, https:\/\/reciclarseenlaciudad.com\/wp-content\/uploads\/2022\/03\/ClandestinasBike1-768x1161.jpg 768w, https:\/\/reciclarseenlaciudad.com\/wp-content\/uploads\/2022\/03\/ClandestinasBike1-8x12.jpg 8w\" sizes=\"(max-width: 847px) 100vw, 847px\" \/>\t\t\t\t\t\t\t\t\t\t\t<figcaption class=\"widget-image-caption wp-caption-text\">Morras, \u00a1las invitamos a rodar!<\/figcaption>\n\t\t\t\t\t\t\t\t\t\t<\/figure>\n\t\t\t\t\t\t\t\t\t<\/div>\n\t\t\t\t<\/div>\n\t\t\t\t\t<\/div>\n\t\t<\/div>\n\t\t\t\t<div class=\"elementor-column elementor-col-50 elementor-top-column elementor-element elementor-element-59f050e\" data-id=\"59f050e\" data-element_type=\"column\" data-e-type=\"column\">\n\t\t\t<div class=\"elementor-widget-wrap elementor-element-populated\">\n\t\t\t\t\t\t<div class=\"elementor-element elementor-element-bf287fa elementor-widget elementor-widget-image\" data-id=\"bf287fa\" data-element_type=\"widget\" data-e-type=\"widget\" data-widget_type=\"image.default\">\n\t\t\t\t<div class=\"elementor-widget-container\">\n\t\t\t\t\t\t\t\t\t\t\t\t<figure class=\"wp-caption\">\n\t\t\t\t\t\t\t\t\t\t<img loading=\"lazy\" decoding=\"async\" width=\"1024\" height=\"670\" src=\"https:\/\/reciclarseenlaciudad.com\/wp-content\/uploads\/2022\/03\/ClandestinasBike2-1024x670.jpg\" class=\"attachment-large size-large wp-image-5634\" alt=\"\" srcset=\"https:\/\/reciclarseenlaciudad.com\/wp-content\/uploads\/2022\/03\/ClandestinasBike2-1024x670.jpg 1024w, https:\/\/reciclarseenlaciudad.com\/wp-content\/uploads\/2022\/03\/ClandestinasBike2-300x196.jpg 300w, https:\/\/reciclarseenlaciudad.com\/wp-content\/uploads\/2022\/03\/ClandestinasBike2-768x503.jpg 768w, https:\/\/reciclarseenlaciudad.com\/wp-content\/uploads\/2022\/03\/ClandestinasBike2-18x12.jpg 18w, https:\/\/reciclarseenlaciudad.com\/wp-content\/uploads\/2022\/03\/ClandestinasBike2.jpg 1280w\" sizes=\"(max-width: 1024px) 100vw, 1024px\" \/>\t\t\t\t\t\t\t\t\t\t\t<figcaption class=\"widget-image-caption wp-caption-text\">#TodasLasBicis #TodasLasMorras<\/figcaption>\n\t\t\t\t\t\t\t\t\t\t<\/figure>\n\t\t\t\t\t\t\t\t\t<\/div>\n\t\t\t\t<\/div>\n\t\t\t\t\t<\/div>\n\t\t<\/div>\n\t\t\t\t\t<\/div>\n\t\t<\/section>\n\t\t\t\t<section class=\"elementor-section elementor-top-section elementor-element elementor-element-f90dbee elementor-section-boxed elementor-section-height-default elementor-section-height-default\" data-id=\"f90dbee\" data-element_type=\"section\" data-e-type=\"section\">\n\t\t\t\t\t\t<div class=\"elementor-container elementor-column-gap-default\">\n\t\t\t\t\t<div class=\"elementor-column elementor-col-100 elementor-top-column elementor-element elementor-element-89cb7a5\" data-id=\"89cb7a5\" data-element_type=\"column\" data-e-type=\"column\">\n\t\t\t<div class=\"elementor-widget-wrap elementor-element-populated\">\n\t\t\t\t\t\t<div class=\"elementor-element elementor-element-783ff8b elementor-widget elementor-widget-text-editor\" data-id=\"783ff8b\" data-element_type=\"widget\" data-e-type=\"widget\" data-widget_type=\"text-editor.default\">\n\t\t\t\t<div class=\"elementor-widget-container\">\n\t\t\t\t\t\t\t\t\t<p>Cr\u00e9ditos: Samantha Ocejo\u00a0<\/p><p>Colectivo: <a href=\"https:\/\/www.instagram.com\/clandestinas.bike\/\">Clandestinas Bike<\/a><\/p><p>Lugar: Le\u00f3n, Guanajuato<\/p>\t\t\t\t\t\t\t\t<\/div>\n\t\t\t\t<\/div>\n\t\t\t\t\t<\/div>\n\t\t<\/div>\n\t\t\t\t\t<\/div>\n\t\t<\/section>\n\t\t\t\t<section class=\"elementor-section elementor-top-section elementor-element elementor-element-6ce0cd19 elementor-section-boxed elementor-section-height-default elementor-section-height-default\" data-id=\"6ce0cd19\" data-element_type=\"section\" data-e-type=\"section\">\n\t\t\t\t\t\t<div class=\"elementor-container elementor-column-gap-default\">\n\t\t\t\t\t<div class=\"elementor-column elementor-col-100 elementor-top-column elementor-element elementor-element-758fae3f\" data-id=\"758fae3f\" data-element_type=\"column\" data-e-type=\"column\">\n\t\t\t<div class=\"elementor-widget-wrap elementor-element-populated\">\n\t\t\t\t\t\t<div class=\"elementor-element elementor-element-4870339d elementor-widget-divider--view-line elementor-widget elementor-widget-divider\" data-id=\"4870339d\" data-element_type=\"widget\" data-e-type=\"widget\" data-widget_type=\"divider.default\">\n\t\t\t\t<div class=\"elementor-widget-container\">\n\t\t\t\t\t\t\t<div class=\"elementor-divider\">\n\t\t\t<span class=\"elementor-divider-separator\">\n\t\t\t\t\t\t<\/span>\n\t\t<\/div>\n\t\t\t\t\t\t<\/div>\n\t\t\t\t<\/div>\n\t\t\t\t\t<\/div>\n\t\t<\/div>\n\t\t\t\t\t<\/div>\n\t\t<\/section>\n\t\t\t\t<section class=\"elementor-section elementor-top-section elementor-element elementor-element-87e1f39 elementor-section-boxed elementor-section-height-default elementor-section-height-default\" data-id=\"87e1f39\" data-element_type=\"section\" data-e-type=\"section\">\n\t\t\t\t\t\t<div class=\"elementor-container elementor-column-gap-default\">\n\t\t\t\t\t<div class=\"elementor-column elementor-col-100 elementor-top-column elementor-element elementor-element-b4064a6\" data-id=\"b4064a6\" data-element_type=\"column\" data-e-type=\"column\">\n\t\t\t<div class=\"elementor-widget-wrap elementor-element-populated\">\n\t\t\t\t\t\t<div class=\"elementor-element elementor-element-9b544f0 elementor-widget elementor-widget-text-editor\" data-id=\"9b544f0\" data-element_type=\"widget\" data-e-type=\"widget\" data-widget_type=\"text-editor.default\">\n\t\t\t\t<div class=\"elementor-widget-container\">\n\t\t\t\t\t\t\t\t\t<p><span style=\"color: #9b3bae; font-size: 30px; letter-spacing: 0.3px;\">Libertad en bicicleta<\/span><\/p>\t\t\t\t\t\t\t\t<\/div>\n\t\t\t\t<\/div>\n\t\t\t\t\t<\/div>\n\t\t<\/div>\n\t\t\t\t\t<\/div>\n\t\t<\/section>\n\t\t\t\t<section class=\"elementor-section elementor-top-section elementor-element elementor-element-97a6aea elementor-section-boxed elementor-section-height-default elementor-section-height-default\" data-id=\"97a6aea\" data-element_type=\"section\" data-e-type=\"section\">\n\t\t\t\t\t\t<div class=\"elementor-container elementor-column-gap-default\">\n\t\t\t\t\t<div class=\"elementor-column elementor-col-50 elementor-top-column elementor-element elementor-element-f05a60f\" data-id=\"f05a60f\" data-element_type=\"column\" data-e-type=\"column\">\n\t\t\t<div class=\"elementor-widget-wrap elementor-element-populated\">\n\t\t\t\t\t\t<div class=\"elementor-element elementor-element-27e0c74 elementor-widget elementor-widget-image\" data-id=\"27e0c74\" data-element_type=\"widget\" data-e-type=\"widget\" data-widget_type=\"image.default\">\n\t\t\t\t<div class=\"elementor-widget-container\">\n\t\t\t\t\t\t\t\t\t\t\t\t<figure class=\"wp-caption\">\n\t\t\t\t\t\t\t\t\t\t<img loading=\"lazy\" decoding=\"async\" width=\"1080\" height=\"1350\" src=\"https:\/\/reciclarseenlaciudad.com\/wp-content\/uploads\/2022\/03\/Nickyenbici1.jpg\" class=\"attachment-1536x1536 size-1536x1536 wp-image-5640\" alt=\"\" srcset=\"https:\/\/reciclarseenlaciudad.com\/wp-content\/uploads\/2022\/03\/Nickyenbici1.jpg 1080w, https:\/\/reciclarseenlaciudad.com\/wp-content\/uploads\/2022\/03\/Nickyenbici1-240x300.jpg 240w, https:\/\/reciclarseenlaciudad.com\/wp-content\/uploads\/2022\/03\/Nickyenbici1-819x1024.jpg 819w, https:\/\/reciclarseenlaciudad.com\/wp-content\/uploads\/2022\/03\/Nickyenbici1-768x960.jpg 768w, https:\/\/reciclarseenlaciudad.com\/wp-content\/uploads\/2022\/03\/Nickyenbici1-10x12.jpg 10w\" sizes=\"(max-width: 1080px) 100vw, 1080px\" \/>\t\t\t\t\t\t\t\t\t\t\t<figcaption class=\"widget-image-caption wp-caption-text\">Jam\u00e1s me sent\u00ed m\u00e1s libre que cuando voy en mi bicicleta.<\/figcaption>\n\t\t\t\t\t\t\t\t\t\t<\/figure>\n\t\t\t\t\t\t\t\t\t<\/div>\n\t\t\t\t<\/div>\n\t\t\t\t\t<\/div>\n\t\t<\/div>\n\t\t\t\t<div class=\"elementor-column elementor-col-50 elementor-top-column elementor-element elementor-element-bb0dc3b\" data-id=\"bb0dc3b\" data-element_type=\"column\" data-e-type=\"column\">\n\t\t\t<div class=\"elementor-widget-wrap elementor-element-populated\">\n\t\t\t\t\t\t<div class=\"elementor-element elementor-element-959ac15 elementor-widget elementor-widget-text-editor\" data-id=\"959ac15\" data-element_type=\"widget\" data-e-type=\"widget\" data-widget_type=\"text-editor.default\">\n\t\t\t\t<div class=\"elementor-widget-container\">\n\t\t\t\t\t\t\t\t\t<p><span style=\"color: #777474; letter-spacing: 0.3px; text-align: justify;\">Ir a la marcha del 8M siempre me pone la piel chinita, saber que estoy rodeada de mujeres igual de fuertes que yo, que d\u00eda a d\u00eda luchan sus batallas para salir adelante, me llena de inspiraci\u00f3n, es hermoso estar rodeada de mujeres y ni\u00f1as que buscan un mejor ma\u00f1ana. Y cuando me encuentro con otras mujeres que van en Bici, me siento abrazada, s\u00e9 que a donde vaya habr\u00e1 alguna chica que tambi\u00e9n se mueve en dos ruedas, que estaremos dispuestas a luchar por mejorar la vida en nuestras ciudades y buscar una movilidad sostenible, inclusiva, segura y justa.\u00a0<\/span><\/p>\t\t\t\t\t\t\t\t<\/div>\n\t\t\t\t<\/div>\n\t\t\t\t\t<\/div>\n\t\t<\/div>\n\t\t\t\t\t<\/div>\n\t\t<\/section>\n\t\t\t\t<section class=\"elementor-section elementor-top-section elementor-element elementor-element-27a2324 elementor-section-boxed elementor-section-height-default elementor-section-height-default\" data-id=\"27a2324\" data-element_type=\"section\" data-e-type=\"section\">\n\t\t\t\t\t\t<div class=\"elementor-container elementor-column-gap-default\">\n\t\t\t\t\t<div class=\"elementor-column elementor-col-100 elementor-top-column elementor-element elementor-element-0fd4ae9\" data-id=\"0fd4ae9\" data-element_type=\"column\" data-e-type=\"column\">\n\t\t\t<div class=\"elementor-widget-wrap elementor-element-populated\">\n\t\t\t\t\t\t<div class=\"elementor-element elementor-element-50dffc3 elementor-widget elementor-widget-text-editor\" data-id=\"50dffc3\" data-element_type=\"widget\" data-e-type=\"widget\" data-widget_type=\"text-editor.default\">\n\t\t\t\t<div class=\"elementor-widget-container\">\n\t\t\t\t\t\t\t\t\t<p>Cr\u00e9dito: <a href=\"https:\/\/www.instagram.com\/nickyenbici\/\">@nickyenbici<\/a><\/p><p>Lugar: CDMX<\/p><p>Redes:\u00a0<a href=\"https:\/\/www.instagram.com\/ciclistasxsostenibilidad\/\">@ciclistasxsostenibilidad<\/a><\/p>\t\t\t\t\t\t\t\t<\/div>\n\t\t\t\t<\/div>\n\t\t\t\t\t<\/div>\n\t\t<\/div>\n\t\t\t\t\t<\/div>\n\t\t<\/section>\n\t\t\t\t<section class=\"elementor-section elementor-top-section elementor-element elementor-element-e735a3b elementor-section-boxed elementor-section-height-default elementor-section-height-default\" data-id=\"e735a3b\" data-element_type=\"section\" data-e-type=\"section\">\n\t\t\t\t\t\t<div class=\"elementor-container elementor-column-gap-default\">\n\t\t\t\t\t<div class=\"elementor-column elementor-col-100 elementor-top-column elementor-element elementor-element-66485957\" data-id=\"66485957\" data-element_type=\"column\" data-e-type=\"column\">\n\t\t\t<div class=\"elementor-widget-wrap elementor-element-populated\">\n\t\t\t\t\t\t<div class=\"elementor-element elementor-element-5da65a6f elementor-widget-divider--view-line elementor-widget elementor-widget-divider\" data-id=\"5da65a6f\" data-element_type=\"widget\" data-e-type=\"widget\" data-widget_type=\"divider.default\">\n\t\t\t\t<div class=\"elementor-widget-container\">\n\t\t\t\t\t\t\t<div class=\"elementor-divider\">\n\t\t\t<span class=\"elementor-divider-separator\">\n\t\t\t\t\t\t<\/span>\n\t\t<\/div>\n\t\t\t\t\t\t<\/div>\n\t\t\t\t<\/div>\n\t\t\t\t\t<\/div>\n\t\t<\/div>\n\t\t\t\t\t<\/div>\n\t\t<\/section>\n\t\t\t\t<section class=\"elementor-section elementor-top-section elementor-element elementor-element-dcef03d elementor-section-boxed elementor-section-height-default elementor-section-height-default\" data-id=\"dcef03d\" data-element_type=\"section\" data-e-type=\"section\">\n\t\t\t\t\t\t<div class=\"elementor-container elementor-column-gap-default\">\n\t\t\t\t\t<div class=\"elementor-column elementor-col-100 elementor-top-column elementor-element elementor-element-856f5f8\" data-id=\"856f5f8\" data-element_type=\"column\" data-e-type=\"column\">\n\t\t\t<div class=\"elementor-widget-wrap elementor-element-populated\">\n\t\t\t\t\t\t<div class=\"elementor-element elementor-element-0831081 elementor-widget elementor-widget-text-editor\" data-id=\"0831081\" data-element_type=\"widget\" data-e-type=\"widget\" data-widget_type=\"text-editor.default\">\n\t\t\t\t<div class=\"elementor-widget-container\">\n\t\t\t\t\t\t\t\t\t<p><span style=\"color: #9b3bae; font-size: 30px; letter-spacing: 0.3px;\">Poder en bici<\/span><\/p>\t\t\t\t\t\t\t\t<\/div>\n\t\t\t\t<\/div>\n\t\t\t\t\t<\/div>\n\t\t<\/div>\n\t\t\t\t\t<\/div>\n\t\t<\/section>\n\t\t\t\t<section class=\"elementor-section elementor-top-section elementor-element elementor-element-0541a19 elementor-section-boxed elementor-section-height-default elementor-section-height-default\" data-id=\"0541a19\" data-element_type=\"section\" data-e-type=\"section\">\n\t\t\t\t\t\t<div class=\"elementor-container elementor-column-gap-default\">\n\t\t\t\t\t<div class=\"elementor-column elementor-col-100 elementor-top-column elementor-element elementor-element-68bde37\" data-id=\"68bde37\" data-element_type=\"column\" data-e-type=\"column\">\n\t\t\t<div class=\"elementor-widget-wrap elementor-element-populated\">\n\t\t\t\t\t\t<div class=\"elementor-element elementor-element-3173fde elementor-widget elementor-widget-text-editor\" data-id=\"3173fde\" data-element_type=\"widget\" data-e-type=\"widget\" data-widget_type=\"text-editor.default\">\n\t\t\t\t<div class=\"elementor-widget-container\">\n\t\t\t\t\t\t\t\t\t<p>El pasado 12 de Marzo, realizamos la #RodadaDeAltura2022 como parte de las actividades conmemorativas del D\u00eda Internacional de la Mujer. Tuvimos un gran paseo en compa\u00f1\u00eda de nuestros amigos de @bravo.alpha.39904 @fridasenbici y @rodarte_oaxaca , adem\u00e1s de la presencia de Gabi Bici Blanca y el apoyo de la policia vial Oaxaca.\u00a0<\/p><p>\u00a0<\/p>\t\t\t\t\t\t\t\t<\/div>\n\t\t\t\t<\/div>\n\t\t\t\t\t<\/div>\n\t\t<\/div>\n\t\t\t\t\t<\/div>\n\t\t<\/section>\n\t\t\t\t<section class=\"elementor-section elementor-top-section elementor-element elementor-element-39a2d44 elementor-section-boxed elementor-section-height-default elementor-section-height-default\" data-id=\"39a2d44\" data-element_type=\"section\" data-e-type=\"section\">\n\t\t\t\t\t\t<div class=\"elementor-container elementor-column-gap-default\">\n\t\t\t\t\t<div class=\"elementor-column elementor-col-100 elementor-top-column elementor-element elementor-element-4b10e40\" data-id=\"4b10e40\" data-element_type=\"column\" data-e-type=\"column\">\n\t\t\t<div class=\"elementor-widget-wrap elementor-element-populated\">\n\t\t\t\t\t\t<div class=\"elementor-element elementor-element-e1671fe elementor-widget elementor-widget-text-editor\" data-id=\"e1671fe\" data-element_type=\"widget\" data-e-type=\"widget\" data-widget_type=\"text-editor.default\">\n\t\t\t\t<div class=\"elementor-widget-container\">\n\t\t\t\t\t\t\t\t\t<p><span style=\"letter-spacing: 0.3px;\">\u00a1Agradecemos a todos por su asistencia y nos vemos en la pr\u00f3xima!\u00a0<\/span><\/p>\t\t\t\t\t\t\t\t<\/div>\n\t\t\t\t<\/div>\n\t\t\t\t\t<\/div>\n\t\t<\/div>\n\t\t\t\t\t<\/div>\n\t\t<\/section>\n\t\t\t\t<section class=\"elementor-section elementor-top-section elementor-element elementor-element-7c04d70 elementor-section-boxed elementor-section-height-default elementor-section-height-default\" data-id=\"7c04d70\" data-element_type=\"section\" data-e-type=\"section\">\n\t\t\t\t\t\t<div class=\"elementor-container elementor-column-gap-default\">\n\t\t\t\t\t<div class=\"elementor-column elementor-col-100 elementor-top-column elementor-element elementor-element-1d1e78d\" data-id=\"1d1e78d\" data-element_type=\"column\" data-e-type=\"column\">\n\t\t\t<div class=\"elementor-widget-wrap elementor-element-populated\">\n\t\t\t\t\t\t<div class=\"elementor-element elementor-element-70bdc37 elementor-widget elementor-widget-text-editor\" data-id=\"70bdc37\" data-element_type=\"widget\" data-e-type=\"widget\" data-widget_type=\"text-editor.default\">\n\t\t\t\t<div class=\"elementor-widget-container\">\n\t\t\t\t\t\t\t\t\t<p><span style=\"letter-spacing: 0.3px;\">#poderenbici #PedaleaRueda\u00danete #8M #mujeresenbici #qu\u00e9pedalearseaunaformadevivirnodemorir<\/span><\/p>\t\t\t\t\t\t\t\t<\/div>\n\t\t\t\t<\/div>\n\t\t\t\t\t<\/div>\n\t\t<\/div>\n\t\t\t\t\t<\/div>\n\t\t<\/section>\n\t\t\t\t<section class=\"elementor-section elementor-top-section elementor-element elementor-element-ea88dfd elementor-section-boxed elementor-section-height-default elementor-section-height-default\" data-id=\"ea88dfd\" data-element_type=\"section\" data-e-type=\"section\">\n\t\t\t\t\t\t<div class=\"elementor-container elementor-column-gap-default\">\n\t\t\t\t\t<div class=\"elementor-column elementor-col-50 elementor-top-column elementor-element elementor-element-1dee40d\" data-id=\"1dee40d\" data-element_type=\"column\" data-e-type=\"column\">\n\t\t\t<div class=\"elementor-widget-wrap elementor-element-populated\">\n\t\t\t\t\t\t<div class=\"elementor-element elementor-element-e10c0bb elementor-widget elementor-widget-image\" data-id=\"e10c0bb\" data-element_type=\"widget\" data-e-type=\"widget\" data-widget_type=\"image.default\">\n\t\t\t\t<div class=\"elementor-widget-container\">\n\t\t\t\t\t\t\t\t\t\t\t\t<figure class=\"wp-caption\">\n\t\t\t\t\t\t\t\t\t\t\t<a href=\"https:\/\/reciclarseenlaciudad.com\/wp-content\/uploads\/2022\/03\/InsolenteOaxaca7.jpg\" data-elementor-open-lightbox=\"yes\" data-elementor-lightbox-title=\"InsolenteOaxaca7\" data-e-action-hash=\"#elementor-action%3Aaction%3Dlightbox%26settings%3DeyJpZCI6NTYzOCwidXJsIjoiaHR0cHM6XC9cL3JlY2ljbGFyc2VlbmxhY2l1ZGFkLmNvbVwvd3AtY29udGVudFwvdXBsb2Fkc1wvMjAyMlwvMDNcL0luc29sZW50ZU9heGFjYTcuanBnIn0%3D\">\n\t\t\t\t\t\t\t<img loading=\"lazy\" decoding=\"async\" width=\"556\" height=\"556\" src=\"https:\/\/reciclarseenlaciudad.com\/wp-content\/uploads\/2022\/03\/InsolenteOaxaca7.jpg\" class=\"attachment-large size-large wp-image-5638\" alt=\"\" srcset=\"https:\/\/reciclarseenlaciudad.com\/wp-content\/uploads\/2022\/03\/InsolenteOaxaca7.jpg 556w, https:\/\/reciclarseenlaciudad.com\/wp-content\/uploads\/2022\/03\/InsolenteOaxaca7-300x300.jpg 300w, https:\/\/reciclarseenlaciudad.com\/wp-content\/uploads\/2022\/03\/InsolenteOaxaca7-150x150.jpg 150w, https:\/\/reciclarseenlaciudad.com\/wp-content\/uploads\/2022\/03\/InsolenteOaxaca7-12x12.jpg 12w, https:\/\/reciclarseenlaciudad.com\/wp-content\/uploads\/2022\/03\/InsolenteOaxaca7-100x100.jpg 100w, https:\/\/reciclarseenlaciudad.com\/wp-content\/uploads\/2022\/03\/InsolenteOaxaca7-50x50.jpg 50w\" sizes=\"(max-width: 556px) 100vw, 556px\" \/>\t\t\t\t\t\t\t\t<\/a>\n\t\t\t\t\t\t\t\t\t\t\t<figcaption class=\"widget-image-caption wp-caption-text\">Rodada de Altura, 2022.<\/figcaption>\n\t\t\t\t\t\t\t\t\t\t<\/figure>\n\t\t\t\t\t\t\t\t\t<\/div>\n\t\t\t\t<\/div>\n\t\t\t\t\t<\/div>\n\t\t<\/div>\n\t\t\t\t<div class=\"elementor-column elementor-col-50 elementor-top-column elementor-element elementor-element-20abeda\" data-id=\"20abeda\" data-element_type=\"column\" data-e-type=\"column\">\n\t\t\t<div class=\"elementor-widget-wrap elementor-element-populated\">\n\t\t\t\t\t\t<div class=\"elementor-element elementor-element-3752b9f elementor-widget elementor-widget-image\" data-id=\"3752b9f\" data-element_type=\"widget\" data-e-type=\"widget\" data-widget_type=\"image.default\">\n\t\t\t\t<div class=\"elementor-widget-container\">\n\t\t\t\t\t\t\t\t\t\t\t\t<figure class=\"wp-caption\">\n\t\t\t\t\t\t\t\t\t\t\t<a href=\"https:\/\/reciclarseenlaciudad.com\/wp-content\/uploads\/2022\/03\/InsolenteOaxaca11.jpg\" data-elementor-open-lightbox=\"yes\" data-elementor-lightbox-title=\"InsolenteOaxaca11\" data-e-action-hash=\"#elementor-action%3Aaction%3Dlightbox%26settings%3DeyJpZCI6NTYzOSwidXJsIjoiaHR0cHM6XC9cL3JlY2ljbGFyc2VlbmxhY2l1ZGFkLmNvbVwvd3AtY29udGVudFwvdXBsb2Fkc1wvMjAyMlwvMDNcL0luc29sZW50ZU9heGFjYTExLmpwZyJ9\">\n\t\t\t\t\t\t\t<img loading=\"lazy\" decoding=\"async\" width=\"556\" height=\"556\" src=\"https:\/\/reciclarseenlaciudad.com\/wp-content\/uploads\/2022\/03\/InsolenteOaxaca11.jpg\" class=\"attachment-large size-large wp-image-5639\" alt=\"\" srcset=\"https:\/\/reciclarseenlaciudad.com\/wp-content\/uploads\/2022\/03\/InsolenteOaxaca11.jpg 556w, https:\/\/reciclarseenlaciudad.com\/wp-content\/uploads\/2022\/03\/InsolenteOaxaca11-300x300.jpg 300w, https:\/\/reciclarseenlaciudad.com\/wp-content\/uploads\/2022\/03\/InsolenteOaxaca11-150x150.jpg 150w, https:\/\/reciclarseenlaciudad.com\/wp-content\/uploads\/2022\/03\/InsolenteOaxaca11-12x12.jpg 12w, https:\/\/reciclarseenlaciudad.com\/wp-content\/uploads\/2022\/03\/InsolenteOaxaca11-100x100.jpg 100w, https:\/\/reciclarseenlaciudad.com\/wp-content\/uploads\/2022\/03\/InsolenteOaxaca11-50x50.jpg 50w\" sizes=\"(max-width: 556px) 100vw, 556px\" \/>\t\t\t\t\t\t\t\t<\/a>\n\t\t\t\t\t\t\t\t\t\t\t<figcaption class=\"widget-image-caption wp-caption-text\">\u00danete a la Insolencia en Oaxaca. <\/figcaption>\n\t\t\t\t\t\t\t\t\t\t<\/figure>\n\t\t\t\t\t\t\t\t\t<\/div>\n\t\t\t\t<\/div>\n\t\t\t\t\t<\/div>\n\t\t<\/div>\n\t\t\t\t\t<\/div>\n\t\t<\/section>\n\t\t\t\t<section class=\"elementor-section elementor-top-section elementor-element elementor-element-5724833 elementor-section-boxed elementor-section-height-default elementor-section-height-default\" data-id=\"5724833\" data-element_type=\"section\" data-e-type=\"section\">\n\t\t\t\t\t\t<div class=\"elementor-container elementor-column-gap-default\">\n\t\t\t\t\t<div class=\"elementor-column elementor-col-100 elementor-top-column elementor-element elementor-element-483a227\" data-id=\"483a227\" data-element_type=\"column\" data-e-type=\"column\">\n\t\t\t<div class=\"elementor-widget-wrap elementor-element-populated\">\n\t\t\t\t\t\t<div class=\"elementor-element elementor-element-194f831 elementor-widget elementor-widget-text-editor\" data-id=\"194f831\" data-element_type=\"widget\" data-e-type=\"widget\" data-widget_type=\"text-editor.default\">\n\t\t\t\t<div class=\"elementor-widget-container\">\n\t\t\t\t\t\t\t\t\t<p>Cr\u00e9dito: <a href=\"https:\/\/www.instagram.com\/insolenteoaxaca\/\">Colectivo Insolente Oaxaca<\/a><br \/>Organiza: Mujeres en Bici CDMX a nivel nacional e Insolente Oaxaca<br \/>Lugar: Oaxaca de Ju\u00e1rez, Oaxaca<\/p>\t\t\t\t\t\t\t\t<\/div>\n\t\t\t\t<\/div>\n\t\t\t\t\t<\/div>\n\t\t<\/div>\n\t\t\t\t\t<\/div>\n\t\t<\/section>\n\t\t\t\t<section class=\"elementor-section elementor-top-section elementor-element elementor-element-78a50f66 elementor-section-boxed elementor-section-height-default elementor-section-height-default\" data-id=\"78a50f66\" data-element_type=\"section\" data-e-type=\"section\">\n\t\t\t\t\t\t<div class=\"elementor-container elementor-column-gap-default\">\n\t\t\t\t\t<div class=\"elementor-column elementor-col-100 elementor-top-column elementor-element elementor-element-4a48ed12\" data-id=\"4a48ed12\" data-element_type=\"column\" data-e-type=\"column\">\n\t\t\t<div class=\"elementor-widget-wrap elementor-element-populated\">\n\t\t\t\t\t\t<div class=\"elementor-element elementor-element-6cb8d2f6 elementor-widget-divider--view-line elementor-widget elementor-widget-divider\" data-id=\"6cb8d2f6\" data-element_type=\"widget\" data-e-type=\"widget\" data-widget_type=\"divider.default\">\n\t\t\t\t<div class=\"elementor-widget-container\">\n\t\t\t\t\t\t\t<div class=\"elementor-divider\">\n\t\t\t<span class=\"elementor-divider-separator\">\n\t\t\t\t\t\t<\/span>\n\t\t<\/div>\n\t\t\t\t\t\t<\/div>\n\t\t\t\t<\/div>\n\t\t\t\t\t<\/div>\n\t\t<\/div>\n\t\t\t\t\t<\/div>\n\t\t<\/section>\n\t\t\t\t<section class=\"elementor-section elementor-top-section elementor-element elementor-element-34c1eb4 elementor-section-boxed elementor-section-height-default elementor-section-height-default\" data-id=\"34c1eb4\" data-element_type=\"section\" data-e-type=\"section\">\n\t\t\t\t\t\t<div class=\"elementor-container elementor-column-gap-default\">\n\t\t\t\t\t<div class=\"elementor-column elementor-col-100 elementor-top-column elementor-element elementor-element-b7426cc\" data-id=\"b7426cc\" data-element_type=\"column\" data-e-type=\"column\">\n\t\t\t<div class=\"elementor-widget-wrap elementor-element-populated\">\n\t\t\t\t\t\t<div class=\"elementor-element elementor-element-7ab7abe elementor-widget elementor-widget-text-editor\" data-id=\"7ab7abe\" data-element_type=\"widget\" data-e-type=\"widget\" data-widget_type=\"text-editor.default\">\n\t\t\t\t<div class=\"elementor-widget-container\">\n\t\t\t\t\t\t\t\t\t<p><span style=\"color: #9b3bae; font-size: 30px; letter-spacing: 0.3px;\">Juntas rompemos esquemas\u00a0<\/span><\/p>\t\t\t\t\t\t\t\t<\/div>\n\t\t\t\t<\/div>\n\t\t\t\t\t<\/div>\n\t\t<\/div>\n\t\t\t\t\t<\/div>\n\t\t<\/section>\n\t\t\t\t<section class=\"elementor-section elementor-top-section elementor-element elementor-element-e923286 elementor-section-boxed elementor-section-height-default elementor-section-height-default\" data-id=\"e923286\" data-element_type=\"section\" data-e-type=\"section\">\n\t\t\t\t\t\t<div class=\"elementor-container elementor-column-gap-default\">\n\t\t\t\t\t<div class=\"elementor-column elementor-col-50 elementor-top-column elementor-element elementor-element-b3a6487\" data-id=\"b3a6487\" data-element_type=\"column\" data-e-type=\"column\">\n\t\t\t<div class=\"elementor-widget-wrap elementor-element-populated\">\n\t\t\t\t\t\t<div class=\"elementor-element elementor-element-19e7381 elementor-widget elementor-widget-image\" data-id=\"19e7381\" data-element_type=\"widget\" data-e-type=\"widget\" data-widget_type=\"image.default\">\n\t\t\t\t<div class=\"elementor-widget-container\">\n\t\t\t\t\t\t\t\t\t\t\t\t<figure class=\"wp-caption\">\n\t\t\t\t\t\t\t\t\t\t<img loading=\"lazy\" decoding=\"async\" width=\"810\" height=\"540\" src=\"https:\/\/reciclarseenlaciudad.com\/wp-content\/uploads\/2022\/03\/FridasenbiciIrapuato4.jpg\" class=\"attachment-large size-large wp-image-5641\" alt=\"\" srcset=\"https:\/\/reciclarseenlaciudad.com\/wp-content\/uploads\/2022\/03\/FridasenbiciIrapuato4.jpg 810w, https:\/\/reciclarseenlaciudad.com\/wp-content\/uploads\/2022\/03\/FridasenbiciIrapuato4-300x200.jpg 300w, https:\/\/reciclarseenlaciudad.com\/wp-content\/uploads\/2022\/03\/FridasenbiciIrapuato4-768x512.jpg 768w, https:\/\/reciclarseenlaciudad.com\/wp-content\/uploads\/2022\/03\/FridasenbiciIrapuato4-18x12.jpg 18w\" sizes=\"(max-width: 810px) 100vw, 810px\" \/>\t\t\t\t\t\t\t\t\t\t\t<figcaption class=\"widget-image-caption wp-caption-text\">Rodada por el #8M en Irapuato. <\/figcaption>\n\t\t\t\t\t\t\t\t\t\t<\/figure>\n\t\t\t\t\t\t\t\t\t<\/div>\n\t\t\t\t<\/div>\n\t\t\t\t\t<\/div>\n\t\t<\/div>\n\t\t\t\t<div class=\"elementor-column elementor-col-50 elementor-top-column elementor-element elementor-element-cb8e652\" data-id=\"cb8e652\" data-element_type=\"column\" data-e-type=\"column\">\n\t\t\t<div class=\"elementor-widget-wrap elementor-element-populated\">\n\t\t\t\t\t\t<div class=\"elementor-element elementor-element-7deb90a elementor-widget elementor-widget-image\" data-id=\"7deb90a\" data-element_type=\"widget\" data-e-type=\"widget\" data-widget_type=\"image.default\">\n\t\t\t\t<div class=\"elementor-widget-container\">\n\t\t\t\t\t\t\t\t\t\t\t\t<figure class=\"wp-caption\">\n\t\t\t\t\t\t\t\t\t\t<img loading=\"lazy\" decoding=\"async\" width=\"820\" height=\"1024\" src=\"https:\/\/reciclarseenlaciudad.com\/wp-content\/uploads\/2022\/03\/FridasenbiciIrapuato1-820x1024.jpg\" class=\"attachment-large size-large wp-image-5642\" alt=\"\" srcset=\"https:\/\/reciclarseenlaciudad.com\/wp-content\/uploads\/2022\/03\/FridasenbiciIrapuato1-820x1024.jpg 820w, https:\/\/reciclarseenlaciudad.com\/wp-content\/uploads\/2022\/03\/FridasenbiciIrapuato1-240x300.jpg 240w, https:\/\/reciclarseenlaciudad.com\/wp-content\/uploads\/2022\/03\/FridasenbiciIrapuato1-768x959.jpg 768w, https:\/\/reciclarseenlaciudad.com\/wp-content\/uploads\/2022\/03\/FridasenbiciIrapuato1-10x12.jpg 10w, https:\/\/reciclarseenlaciudad.com\/wp-content\/uploads\/2022\/03\/FridasenbiciIrapuato1.jpg 1080w\" sizes=\"(max-width: 820px) 100vw, 820px\" \/>\t\t\t\t\t\t\t\t\t\t\t<figcaption class=\"widget-image-caption wp-caption-text\">Rodamos por ti, por mi, por todas.<\/figcaption>\n\t\t\t\t\t\t\t\t\t\t<\/figure>\n\t\t\t\t\t\t\t\t\t<\/div>\n\t\t\t\t<\/div>\n\t\t\t\t\t<\/div>\n\t\t<\/div>\n\t\t\t\t\t<\/div>\n\t\t<\/section>\n\t\t\t\t<section class=\"elementor-section elementor-top-section elementor-element elementor-element-0f2492f elementor-section-boxed elementor-section-height-default elementor-section-height-default\" data-id=\"0f2492f\" data-element_type=\"section\" data-e-type=\"section\">\n\t\t\t\t\t\t<div class=\"elementor-container elementor-column-gap-default\">\n\t\t\t\t\t<div class=\"elementor-column elementor-col-100 elementor-top-column elementor-element elementor-element-405a43b\" data-id=\"405a43b\" data-element_type=\"column\" data-e-type=\"column\">\n\t\t\t<div class=\"elementor-widget-wrap elementor-element-populated\">\n\t\t\t\t\t\t<div class=\"elementor-element elementor-element-04a6c3c elementor-widget elementor-widget-text-editor\" data-id=\"04a6c3c\" data-element_type=\"widget\" data-e-type=\"widget\" data-widget_type=\"text-editor.default\">\n\t\t\t\t<div class=\"elementor-widget-container\">\n\t\t\t\t\t\t\t\t\t<p>Cr\u00e9ditos y colectivo: <a href=\"https:\/\/www.instagram.com\/fridasenbiciirapuato\/\">Fridas en Bici Irapuato<\/a><\/p>\t\t\t\t\t\t\t\t<\/div>\n\t\t\t\t<\/div>\n\t\t\t\t\t<\/div>\n\t\t<\/div>\n\t\t\t\t\t<\/div>\n\t\t<\/section>\n\t\t\t\t<section class=\"elementor-section elementor-top-section elementor-element elementor-element-38f349a1 elementor-section-boxed elementor-section-height-default elementor-section-height-default\" data-id=\"38f349a1\" data-element_type=\"section\" data-e-type=\"section\">\n\t\t\t\t\t\t<div class=\"elementor-container elementor-column-gap-default\">\n\t\t\t\t\t<div class=\"elementor-column elementor-col-100 elementor-top-column elementor-element elementor-element-1ce571a8\" data-id=\"1ce571a8\" data-element_type=\"column\" data-e-type=\"column\">\n\t\t\t<div class=\"elementor-widget-wrap elementor-element-populated\">\n\t\t\t\t\t\t<div class=\"elementor-element elementor-element-2704625e elementor-widget-divider--view-line elementor-widget elementor-widget-divider\" data-id=\"2704625e\" data-element_type=\"widget\" data-e-type=\"widget\" data-widget_type=\"divider.default\">\n\t\t\t\t<div class=\"elementor-widget-container\">\n\t\t\t\t\t\t\t<div class=\"elementor-divider\">\n\t\t\t<span class=\"elementor-divider-separator\">\n\t\t\t\t\t\t<\/span>\n\t\t<\/div>\n\t\t\t\t\t\t<\/div>\n\t\t\t\t<\/div>\n\t\t\t\t\t<\/div>\n\t\t<\/div>\n\t\t\t\t\t<\/div>\n\t\t<\/section>\n\t\t\t\t<section class=\"elementor-section elementor-top-section elementor-element elementor-element-435cea0 elementor-section-boxed elementor-section-height-default elementor-section-height-default\" data-id=\"435cea0\" data-element_type=\"section\" data-e-type=\"section\">\n\t\t\t\t\t\t<div class=\"elementor-container elementor-column-gap-default\">\n\t\t\t\t\t<div class=\"elementor-column elementor-col-100 elementor-top-column elementor-element elementor-element-a32be33\" data-id=\"a32be33\" data-element_type=\"column\" data-e-type=\"column\">\n\t\t\t<div class=\"elementor-widget-wrap elementor-element-populated\">\n\t\t\t\t\t\t<div class=\"elementor-element elementor-element-10b027e elementor-widget elementor-widget-text-editor\" data-id=\"10b027e\" data-element_type=\"widget\" data-e-type=\"widget\" data-widget_type=\"text-editor.default\">\n\t\t\t\t<div class=\"elementor-widget-container\">\n\t\t\t\t\t\t\t\t\t<p><span style=\"color: #9b3bae; font-size: 30px; letter-spacing: 0.3px;\">Fridas en bici Azcapotzalco<\/span><\/p>\t\t\t\t\t\t\t\t<\/div>\n\t\t\t\t<\/div>\n\t\t\t\t\t<\/div>\n\t\t<\/div>\n\t\t\t\t\t<\/div>\n\t\t<\/section>\n\t\t\t\t<section class=\"elementor-section elementor-top-section elementor-element elementor-element-c201e4a elementor-section-boxed elementor-section-height-default elementor-section-height-default\" data-id=\"c201e4a\" data-element_type=\"section\" data-e-type=\"section\">\n\t\t\t\t\t\t<div class=\"elementor-container elementor-column-gap-default\">\n\t\t\t\t\t<div class=\"elementor-column elementor-col-50 elementor-top-column elementor-element elementor-element-aa6da15\" data-id=\"aa6da15\" data-element_type=\"column\" data-e-type=\"column\">\n\t\t\t<div class=\"elementor-widget-wrap elementor-element-populated\">\n\t\t\t\t\t\t<div class=\"elementor-element elementor-element-23af99c elementor-widget elementor-widget-image\" data-id=\"23af99c\" data-element_type=\"widget\" data-e-type=\"widget\" data-widget_type=\"image.default\">\n\t\t\t\t<div class=\"elementor-widget-container\">\n\t\t\t\t\t\t\t\t\t\t\t\t\t\t\t<img loading=\"lazy\" decoding=\"async\" width=\"768\" height=\"1024\" src=\"https:\/\/reciclarseenlaciudad.com\/wp-content\/uploads\/2022\/03\/FridasenbiciAzcapotzalco5-768x1024.jpg\" class=\"attachment-large size-large wp-image-5649\" alt=\"\" srcset=\"https:\/\/reciclarseenlaciudad.com\/wp-content\/uploads\/2022\/03\/FridasenbiciAzcapotzalco5-768x1024.jpg 768w, https:\/\/reciclarseenlaciudad.com\/wp-content\/uploads\/2022\/03\/FridasenbiciAzcapotzalco5-225x300.jpg 225w, https:\/\/reciclarseenlaciudad.com\/wp-content\/uploads\/2022\/03\/FridasenbiciAzcapotzalco5-1152x1536.jpg 1152w, https:\/\/reciclarseenlaciudad.com\/wp-content\/uploads\/2022\/03\/FridasenbiciAzcapotzalco5-9x12.jpg 9w, https:\/\/reciclarseenlaciudad.com\/wp-content\/uploads\/2022\/03\/FridasenbiciAzcapotzalco5.jpg 1536w\" sizes=\"(max-width: 768px) 100vw, 768px\" \/>\t\t\t\t\t\t\t\t\t\t\t\t\t\t\t<\/div>\n\t\t\t\t<\/div>\n\t\t\t\t\t<\/div>\n\t\t<\/div>\n\t\t\t\t<div class=\"elementor-column elementor-col-50 elementor-top-column elementor-element elementor-element-9f2ec9e\" data-id=\"9f2ec9e\" data-element_type=\"column\" data-e-type=\"column\">\n\t\t\t<div class=\"elementor-widget-wrap elementor-element-populated\">\n\t\t\t\t\t\t<div class=\"elementor-element elementor-element-d52a03e elementor-widget elementor-widget-image\" data-id=\"d52a03e\" data-element_type=\"widget\" data-e-type=\"widget\" data-widget_type=\"image.default\">\n\t\t\t\t<div class=\"elementor-widget-container\">\n\t\t\t\t\t\t\t\t\t\t\t\t\t\t\t<img loading=\"lazy\" decoding=\"async\" width=\"768\" height=\"1024\" src=\"https:\/\/reciclarseenlaciudad.com\/wp-content\/uploads\/2022\/03\/FridasenbiciAzcapotzalco14-768x1024.jpg\" class=\"attachment-large size-large wp-image-5650\" alt=\"\" srcset=\"https:\/\/reciclarseenlaciudad.com\/wp-content\/uploads\/2022\/03\/FridasenbiciAzcapotzalco14-768x1024.jpg 768w, https:\/\/reciclarseenlaciudad.com\/wp-content\/uploads\/2022\/03\/FridasenbiciAzcapotzalco14-225x300.jpg 225w, https:\/\/reciclarseenlaciudad.com\/wp-content\/uploads\/2022\/03\/FridasenbiciAzcapotzalco14-1152x1536.jpg 1152w, https:\/\/reciclarseenlaciudad.com\/wp-content\/uploads\/2022\/03\/FridasenbiciAzcapotzalco14-9x12.jpg 9w, https:\/\/reciclarseenlaciudad.com\/wp-content\/uploads\/2022\/03\/FridasenbiciAzcapotzalco14.jpg 1200w\" sizes=\"(max-width: 768px) 100vw, 768px\" \/>\t\t\t\t\t\t\t\t\t\t\t\t\t\t\t<\/div>\n\t\t\t\t<\/div>\n\t\t\t\t\t<\/div>\n\t\t<\/div>\n\t\t\t\t\t<\/div>\n\t\t<\/section>\n\t\t\t\t<section class=\"elementor-section elementor-top-section elementor-element elementor-element-49139b2 elementor-section-boxed elementor-section-height-default elementor-section-height-default\" data-id=\"49139b2\" data-element_type=\"section\" data-e-type=\"section\">\n\t\t\t\t\t\t<div class=\"elementor-container elementor-column-gap-default\">\n\t\t\t\t\t<div class=\"elementor-column elementor-col-100 elementor-top-column elementor-element elementor-element-9ce2c0d\" data-id=\"9ce2c0d\" data-element_type=\"column\" data-e-type=\"column\">\n\t\t\t<div class=\"elementor-widget-wrap elementor-element-populated\">\n\t\t\t\t\t\t<div class=\"elementor-element elementor-element-7ebf23f elementor-widget elementor-widget-image\" data-id=\"7ebf23f\" data-element_type=\"widget\" data-e-type=\"widget\" data-widget_type=\"image.default\">\n\t\t\t\t<div class=\"elementor-widget-container\">\n\t\t\t\t\t\t\t\t\t\t\t\t\t\t\t<img loading=\"lazy\" decoding=\"async\" width=\"1024\" height=\"705\" src=\"https:\/\/reciclarseenlaciudad.com\/wp-content\/uploads\/2022\/03\/FridasenbiciAzcapotzalco1-1024x705.jpg\" class=\"attachment-large size-large wp-image-5651\" alt=\"\" srcset=\"https:\/\/reciclarseenlaciudad.com\/wp-content\/uploads\/2022\/03\/FridasenbiciAzcapotzalco1-1024x705.jpg 1024w, https:\/\/reciclarseenlaciudad.com\/wp-content\/uploads\/2022\/03\/FridasenbiciAzcapotzalco1-300x206.jpg 300w, https:\/\/reciclarseenlaciudad.com\/wp-content\/uploads\/2022\/03\/FridasenbiciAzcapotzalco1-768x528.jpg 768w, https:\/\/reciclarseenlaciudad.com\/wp-content\/uploads\/2022\/03\/FridasenbiciAzcapotzalco1-1536x1057.jpg 1536w, https:\/\/reciclarseenlaciudad.com\/wp-content\/uploads\/2022\/03\/FridasenbiciAzcapotzalco1-18x12.jpg 18w, https:\/\/reciclarseenlaciudad.com\/wp-content\/uploads\/2022\/03\/FridasenbiciAzcapotzalco1.jpg 2048w\" sizes=\"(max-width: 1024px) 100vw, 1024px\" \/>\t\t\t\t\t\t\t\t\t\t\t\t\t\t\t<\/div>\n\t\t\t\t<\/div>\n\t\t\t\t\t<\/div>\n\t\t<\/div>\n\t\t\t\t\t<\/div>\n\t\t<\/section>\n\t\t\t\t<section class=\"elementor-section elementor-top-section elementor-element elementor-element-ed6d3c2 elementor-section-boxed elementor-section-height-default elementor-section-height-default\" data-id=\"ed6d3c2\" data-element_type=\"section\" data-e-type=\"section\">\n\t\t\t\t\t\t<div class=\"elementor-container elementor-column-gap-default\">\n\t\t\t\t\t<div class=\"elementor-column elementor-col-100 elementor-top-column elementor-element elementor-element-6063f9b\" data-id=\"6063f9b\" data-element_type=\"column\" data-e-type=\"column\">\n\t\t\t<div class=\"elementor-widget-wrap elementor-element-populated\">\n\t\t\t\t\t\t<div class=\"elementor-element elementor-element-d40af10 elementor-widget elementor-widget-text-editor\" data-id=\"d40af10\" data-element_type=\"widget\" data-e-type=\"widget\" data-widget_type=\"text-editor.default\">\n\t\t\t\t<div class=\"elementor-widget-container\">\n\t\t\t\t\t\t\t\t\t<p>Cr\u00e9dito y colectivo: <a href=\"https:\/\/www.instagram.com\/fridasenbici_azcapotzalco\/\">Fridas en Bici Azcapotzalco\u00a0<\/a><br \/>Lugar: Azcapotzalco, CDMX<\/p>\t\t\t\t\t\t\t\t<\/div>\n\t\t\t\t<\/div>\n\t\t\t\t\t<\/div>\n\t\t<\/div>\n\t\t\t\t\t<\/div>\n\t\t<\/section>\n\t\t\t\t<section class=\"elementor-section elementor-top-section elementor-element elementor-element-79628 elementor-section-boxed elementor-section-height-default elementor-section-height-default\" data-id=\"79628\" data-element_type=\"section\" data-e-type=\"section\">\n\t\t\t\t\t\t<div class=\"elementor-container elementor-column-gap-default\">\n\t\t\t\t\t<div class=\"elementor-column elementor-col-100 elementor-top-column elementor-element elementor-element-132fd654\" data-id=\"132fd654\" data-element_type=\"column\" data-e-type=\"column\">\n\t\t\t<div class=\"elementor-widget-wrap elementor-element-populated\">\n\t\t\t\t\t\t<div class=\"elementor-element elementor-element-66329e7a elementor-widget-divider--view-line elementor-widget elementor-widget-divider\" data-id=\"66329e7a\" data-element_type=\"widget\" data-e-type=\"widget\" data-widget_type=\"divider.default\">\n\t\t\t\t<div class=\"elementor-widget-container\">\n\t\t\t\t\t\t\t<div class=\"elementor-divider\">\n\t\t\t<span class=\"elementor-divider-separator\">\n\t\t\t\t\t\t<\/span>\n\t\t<\/div>\n\t\t\t\t\t\t<\/div>\n\t\t\t\t<\/div>\n\t\t\t\t\t<\/div>\n\t\t<\/div>\n\t\t\t\t\t<\/div>\n\t\t<\/section>\n\t\t\t\t<section class=\"elementor-section elementor-top-section elementor-element elementor-element-f3305d3 elementor-section-boxed elementor-section-height-default elementor-section-height-default\" data-id=\"f3305d3\" data-element_type=\"section\" data-e-type=\"section\">\n\t\t\t\t\t\t<div class=\"elementor-container elementor-column-gap-default\">\n\t\t\t\t\t<div class=\"elementor-column elementor-col-100 elementor-top-column elementor-element elementor-element-c354161\" data-id=\"c354161\" data-element_type=\"column\" data-e-type=\"column\">\n\t\t\t<div class=\"elementor-widget-wrap elementor-element-populated\">\n\t\t\t\t\t\t<div class=\"elementor-element elementor-element-baa072c elementor-widget elementor-widget-text-editor\" data-id=\"baa072c\" data-element_type=\"widget\" data-e-type=\"widget\" data-widget_type=\"text-editor.default\">\n\t\t\t\t<div class=\"elementor-widget-container\">\n\t\t\t\t\t\t\t\t\t<p style=\"text-align: center;\">Galer\u00eda completa<\/p>\t\t\t\t\t\t\t\t<\/div>\n\t\t\t\t<\/div>\n\t\t\t\t<section class=\"elementor-section elementor-inner-section elementor-element elementor-element-545e285 elementor-section-boxed elementor-section-height-default elementor-section-height-default\" data-id=\"545e285\" data-element_type=\"section\" data-e-type=\"section\">\n\t\t\t\t\t\t<div class=\"elementor-container elementor-column-gap-default\">\n\t\t\t\t\t<div class=\"elementor-column elementor-col-100 elementor-inner-column elementor-element elementor-element-ff587a2\" data-id=\"ff587a2\" data-element_type=\"column\" data-e-type=\"column\">\n\t\t\t<div class=\"elementor-widget-wrap elementor-element-populated\">\n\t\t\t\t\t\t<div class=\"elementor-element elementor-element-3dca4e9 elementor-widget elementor-widget-text-editor\" data-id=\"3dca4e9\" data-element_type=\"widget\" data-e-type=\"widget\" data-widget_type=\"text-editor.default\">\n\t\t\t\t<div class=\"elementor-widget-container\">\n\t\t\t\t\t\t\t\t\t<p>#8M2022<\/p>\t\t\t\t\t\t\t\t<\/div>\n\t\t\t\t<\/div>\n\t\t\t\t\t<\/div>\n\t\t<\/div>\n\t\t\t\t\t<\/div>\n\t\t<\/section>\n\t\t\t\t<section class=\"elementor-section elementor-inner-section elementor-element elementor-element-439b888 elementor-section-boxed elementor-section-height-default elementor-section-height-default\" data-id=\"439b888\" data-element_type=\"section\" data-e-type=\"section\">\n\t\t\t\t\t\t<div class=\"elementor-container elementor-column-gap-default\">\n\t\t\t\t\t<div class=\"elementor-column elementor-col-100 elementor-inner-column elementor-element elementor-element-d55cfc0\" data-id=\"d55cfc0\" data-element_type=\"column\" data-e-type=\"column\">\n\t\t\t<div class=\"elementor-widget-wrap elementor-element-populated\">\n\t\t\t\t\t\t\t<\/div>\n\t\t<\/div>\n\t\t\t\t\t<\/div>\n\t\t<\/section>\n\t\t\t\t<section class=\"elementor-section elementor-inner-section elementor-element elementor-element-f32effd elementor-section-boxed elementor-section-height-default elementor-section-height-default\" data-id=\"f32effd\" data-element_type=\"section\" data-e-type=\"section\">\n\t\t\t\t\t\t<div class=\"elementor-container elementor-column-gap-default\">\n\t\t\t\t\t<div class=\"elementor-column elementor-col-100 elementor-inner-column elementor-element elementor-element-87b499f\" data-id=\"87b499f\" data-element_type=\"column\" data-e-type=\"column\">\n\t\t\t<div class=\"elementor-widget-wrap elementor-element-populated\">\n\t\t\t\t\t\t<div class=\"elementor-element elementor-element-4eb75fc elementor-skin-carousel elementor-arrows-yes elementor-pagination-type-bullets elementor-pagination-position-outside elementor-widget elementor-widget-media-carousel\" data-id=\"4eb75fc\" data-element_type=\"widget\" data-e-type=\"widget\" data-settings=\"{&quot;space_between&quot;:{&quot;unit&quot;:&quot;px&quot;,&quot;size&quot;:29,&quot;sizes&quot;:[]},&quot;slides_per_view&quot;:&quot;4&quot;,&quot;autoplay_speed&quot;:4000,&quot;skin&quot;:&quot;carousel&quot;,&quot;effect&quot;:&quot;slide&quot;,&quot;show_arrows&quot;:&quot;yes&quot;,&quot;pagination&quot;:&quot;bullets&quot;,&quot;speed&quot;:500,&quot;autoplay&quot;:&quot;yes&quot;,&quot;loop&quot;:&quot;yes&quot;,&quot;pause_on_hover&quot;:&quot;yes&quot;,&quot;pause_on_interaction&quot;:&quot;yes&quot;,&quot;space_between_tablet&quot;:{&quot;unit&quot;:&quot;px&quot;,&quot;size&quot;:10,&quot;sizes&quot;:[]},&quot;space_between_mobile&quot;:{&quot;unit&quot;:&quot;px&quot;,&quot;size&quot;:10,&quot;sizes&quot;:[]}}\" data-widget_type=\"media-carousel.default\">\n\t\t\t\t<div class=\"elementor-widget-container\">\n\t\t\t\t\t\t\t\t\t<div class=\"elementor-swiper\">\n\t\t\t\t\t<div class=\"elementor-main-swiper swiper\" role=\"region\" aria-roledescription=\"carousel\" aria-label=\"Slides\" data-no-translation-aria-label=\"\">\n\t\t\t\t<div class=\"swiper-wrapper\">\n\t\t\t\t\t\t\t\t\t\t\t<div class=\"swiper-slide\" role=\"group\" aria-roledescription=\"slide\">\n\t\t\t\t\t\t\t<a href=\"https:\/\/reciclarseenlaciudad.com\/wp-content\/uploads\/2022\/03\/FridasenbiciCDMX.jpg\" data-elementor-open-lightbox=\"yes\" data-elementor-lightbox-slideshow=\"4eb75fc\" data-elementor-lightbox-title=\"FridasenbiciCDMX\" data-e-action-hash=\"#elementor-action%3Aaction%3Dlightbox%26settings%3DeyJpZCI6NTYzNiwidXJsIjoiaHR0cHM6XC9cL3JlY2ljbGFyc2VlbmxhY2l1ZGFkLmNvbVwvd3AtY29udGVudFwvdXBsb2Fkc1wvMjAyMlwvMDNcL0ZyaWRhc2VuYmljaUNETVguanBnIiwic2xpZGVzaG93IjoiNGViNzVmYyJ9\">\t\t<div class=\"elementor-carousel-image\" role=\"img\" aria-label=\"FridasenbiciCDMX\" style=\"background-image: url(&#039;https:\/\/reciclarseenlaciudad.com\/wp-content\/uploads\/2022\/03\/FridasenbiciCDMX.jpg&#039;)\">\n\n\t\t\t\n\t\t\t\t\t<\/div>\n\t\t\t\t\t<div class=\"elementor-carousel-image-overlay e-overlay-animation-fade\">\n\t\t\t\t<i class=\"fas fa-search-plus\"><\/i>\t\t\t<\/div>\n\t\t\t<\/a>\t\t\t\t\t\t<\/div>\n\t\t\t\t\t\t\t\t\t\t\t<div class=\"swiper-slide\" role=\"group\" aria-roledescription=\"slide\">\n\t\t\t\t\t\t\t<a href=\"https:\/\/reciclarseenlaciudad.com\/wp-content\/uploads\/2022\/03\/ClandestinasBike2.jpg\" data-elementor-open-lightbox=\"yes\" data-elementor-lightbox-slideshow=\"4eb75fc\" data-elementor-lightbox-title=\"ClandestinasBike2\" data-e-action-hash=\"#elementor-action%3Aaction%3Dlightbox%26settings%3DeyJpZCI6NTYzNCwidXJsIjoiaHR0cHM6XC9cL3JlY2ljbGFyc2VlbmxhY2l1ZGFkLmNvbVwvd3AtY29udGVudFwvdXBsb2Fkc1wvMjAyMlwvMDNcL0NsYW5kZXN0aW5hc0Jpa2UyLmpwZyIsInNsaWRlc2hvdyI6IjRlYjc1ZmMifQ%3D%3D\">\t\t<div class=\"elementor-carousel-image\" role=\"img\" aria-label=\"ClandestinasBike2\" style=\"background-image: url(&#039;https:\/\/reciclarseenlaciudad.com\/wp-content\/uploads\/2022\/03\/ClandestinasBike2.jpg&#039;)\">\n\n\t\t\t\n\t\t\t\t\t<\/div>\n\t\t\t\t\t<div class=\"elementor-carousel-image-overlay e-overlay-animation-fade\">\n\t\t\t\t<i class=\"fas fa-search-plus\"><\/i>\t\t\t<\/div>\n\t\t\t<\/a>\t\t\t\t\t\t<\/div>\n\t\t\t\t\t\t\t\t\t\t\t<div class=\"swiper-slide\" role=\"group\" aria-roledescription=\"slide\">\n\t\t\t\t\t\t\t<a href=\"https:\/\/reciclarseenlaciudad.com\/wp-content\/uploads\/2022\/03\/ClandestinasBike1.jpg\" data-elementor-open-lightbox=\"yes\" data-elementor-lightbox-slideshow=\"4eb75fc\" data-elementor-lightbox-title=\"ClandestinasBike1\" data-e-action-hash=\"#elementor-action%3Aaction%3Dlightbox%26settings%3DeyJpZCI6NTYzNywidXJsIjoiaHR0cHM6XC9cL3JlY2ljbGFyc2VlbmxhY2l1ZGFkLmNvbVwvd3AtY29udGVudFwvdXBsb2Fkc1wvMjAyMlwvMDNcL0NsYW5kZXN0aW5hc0Jpa2UxLmpwZyIsInNsaWRlc2hvdyI6IjRlYjc1ZmMifQ%3D%3D\">\t\t<div class=\"elementor-carousel-image\" role=\"img\" aria-label=\"ClandestinasBike1\" style=\"background-image: url(&#039;https:\/\/reciclarseenlaciudad.com\/wp-content\/uploads\/2022\/03\/ClandestinasBike1.jpg&#039;)\">\n\n\t\t\t\n\t\t\t\t\t<\/div>\n\t\t\t\t\t<div class=\"elementor-carousel-image-overlay e-overlay-animation-fade\">\n\t\t\t\t<i class=\"fas fa-search-plus\"><\/i>\t\t\t<\/div>\n\t\t\t<\/a>\t\t\t\t\t\t<\/div>\n\t\t\t\t\t\t\t\t\t\t\t<div class=\"swiper-slide\" role=\"group\" aria-roledescription=\"slide\">\n\t\t\t\t\t\t\t<a href=\"https:\/\/reciclarseenlaciudad.com\/wp-content\/uploads\/2022\/03\/Nickyenbici1.jpg\" data-elementor-open-lightbox=\"yes\" data-elementor-lightbox-slideshow=\"4eb75fc\" data-elementor-lightbox-title=\"Nickyenbici1\" data-e-action-hash=\"#elementor-action%3Aaction%3Dlightbox%26settings%3DeyJpZCI6NTY0MCwidXJsIjoiaHR0cHM6XC9cL3JlY2ljbGFyc2VlbmxhY2l1ZGFkLmNvbVwvd3AtY29udGVudFwvdXBsb2Fkc1wvMjAyMlwvMDNcL05pY2t5ZW5iaWNpMS5qcGciLCJzbGlkZXNob3ciOiI0ZWI3NWZjIn0%3D\">\t\t<div class=\"elementor-carousel-image\" role=\"img\" aria-label=\"Nickyenbici1\" style=\"background-image: url(&#039;https:\/\/reciclarseenlaciudad.com\/wp-content\/uploads\/2022\/03\/Nickyenbici1.jpg&#039;)\">\n\n\t\t\t\n\t\t\t\t\t<\/div>\n\t\t\t\t\t<div class=\"elementor-carousel-image-overlay e-overlay-animation-fade\">\n\t\t\t\t<i class=\"fas fa-search-plus\"><\/i>\t\t\t<\/div>\n\t\t\t<\/a>\t\t\t\t\t\t<\/div>\n\t\t\t\t\t\t\t\t\t\t\t<div class=\"swiper-slide\" role=\"group\" aria-roledescription=\"slide\">\n\t\t\t\t\t\t\t<a href=\"https:\/\/reciclarseenlaciudad.com\/wp-content\/uploads\/2022\/03\/InsolenteOaxaca11.jpg\" data-elementor-open-lightbox=\"yes\" data-elementor-lightbox-slideshow=\"4eb75fc\" data-elementor-lightbox-title=\"InsolenteOaxaca11\" data-e-action-hash=\"#elementor-action%3Aaction%3Dlightbox%26settings%3DeyJpZCI6NTYzOSwidXJsIjoiaHR0cHM6XC9cL3JlY2ljbGFyc2VlbmxhY2l1ZGFkLmNvbVwvd3AtY29udGVudFwvdXBsb2Fkc1wvMjAyMlwvMDNcL0luc29sZW50ZU9heGFjYTExLmpwZyIsInNsaWRlc2hvdyI6IjRlYjc1ZmMifQ%3D%3D\">\t\t<div class=\"elementor-carousel-image\" role=\"img\" aria-label=\"InsolenteOaxaca11\" style=\"background-image: url(&#039;https:\/\/reciclarseenlaciudad.com\/wp-content\/uploads\/2022\/03\/InsolenteOaxaca11.jpg&#039;)\">\n\n\t\t\t\n\t\t\t\t\t<\/div>\n\t\t\t\t\t<div class=\"elementor-carousel-image-overlay e-overlay-animation-fade\">\n\t\t\t\t<i class=\"fas fa-search-plus\"><\/i>\t\t\t<\/div>\n\t\t\t<\/a>\t\t\t\t\t\t<\/div>\n\t\t\t\t\t\t\t\t\t\t\t<div class=\"swiper-slide\" role=\"group\" aria-roledescription=\"slide\">\n\t\t\t\t\t\t\t<a href=\"https:\/\/reciclarseenlaciudad.com\/wp-content\/uploads\/2022\/03\/InsolenteOaxaca7.jpg\" data-elementor-open-lightbox=\"yes\" data-elementor-lightbox-slideshow=\"4eb75fc\" data-elementor-lightbox-title=\"InsolenteOaxaca7\" data-e-action-hash=\"#elementor-action%3Aaction%3Dlightbox%26settings%3DeyJpZCI6NTYzOCwidXJsIjoiaHR0cHM6XC9cL3JlY2ljbGFyc2VlbmxhY2l1ZGFkLmNvbVwvd3AtY29udGVudFwvdXBsb2Fkc1wvMjAyMlwvMDNcL0luc29sZW50ZU9heGFjYTcuanBnIiwic2xpZGVzaG93IjoiNGViNzVmYyJ9\">\t\t<div class=\"elementor-carousel-image\" role=\"img\" aria-label=\"InsolenteOaxaca7\" style=\"background-image: url(&#039;https:\/\/reciclarseenlaciudad.com\/wp-content\/uploads\/2022\/03\/InsolenteOaxaca7.jpg&#039;)\">\n\n\t\t\t\n\t\t\t\t\t<\/div>\n\t\t\t\t\t<div class=\"elementor-carousel-image-overlay e-overlay-animation-fade\">\n\t\t\t\t<i class=\"fas fa-search-plus\"><\/i>\t\t\t<\/div>\n\t\t\t<\/a>\t\t\t\t\t\t<\/div>\n\t\t\t\t\t\t\t\t\t\t\t<div class=\"swiper-slide\" role=\"group\" aria-roledescription=\"slide\">\n\t\t\t\t\t\t\t<a href=\"https:\/\/reciclarseenlaciudad.com\/wp-content\/uploads\/2022\/03\/InsolenteOaxaca10.jpg\" data-elementor-open-lightbox=\"yes\" data-elementor-lightbox-slideshow=\"4eb75fc\" data-elementor-lightbox-title=\"InsolenteOaxaca10\" data-e-action-hash=\"#elementor-action%3Aaction%3Dlightbox%26settings%3DeyJpZCI6NTY3MSwidXJsIjoiaHR0cHM6XC9cL3JlY2ljbGFyc2VlbmxhY2l1ZGFkLmNvbVwvd3AtY29udGVudFwvdXBsb2Fkc1wvMjAyMlwvMDNcL0luc29sZW50ZU9heGFjYTEwLmpwZyIsInNsaWRlc2hvdyI6IjRlYjc1ZmMifQ%3D%3D\">\t\t<div class=\"elementor-carousel-image\" role=\"img\" aria-label=\"InsolenteOaxaca10\" style=\"background-image: url(&#039;https:\/\/reciclarseenlaciudad.com\/wp-content\/uploads\/2022\/03\/InsolenteOaxaca10.jpg&#039;)\">\n\n\t\t\t\n\t\t\t\t\t<\/div>\n\t\t\t\t\t<div class=\"elementor-carousel-image-overlay e-overlay-animation-fade\">\n\t\t\t\t<i class=\"fas fa-search-plus\"><\/i>\t\t\t<\/div>\n\t\t\t<\/a>\t\t\t\t\t\t<\/div>\n\t\t\t\t\t\t\t\t\t\t\t<div class=\"swiper-slide\" role=\"group\" aria-roledescription=\"slide\">\n\t\t\t\t\t\t\t<a href=\"https:\/\/reciclarseenlaciudad.com\/wp-content\/uploads\/2022\/03\/FridasenbiciIrapuato5.jpg\" data-elementor-open-lightbox=\"yes\" data-elementor-lightbox-slideshow=\"4eb75fc\" data-elementor-lightbox-title=\"FridasenbiciIrapuato5\" data-e-action-hash=\"#elementor-action%3Aaction%3Dlightbox%26settings%3DeyJpZCI6NTY3NywidXJsIjoiaHR0cHM6XC9cL3JlY2ljbGFyc2VlbmxhY2l1ZGFkLmNvbVwvd3AtY29udGVudFwvdXBsb2Fkc1wvMjAyMlwvMDNcL0ZyaWRhc2VuYmljaUlyYXB1YXRvNS5qcGciLCJzbGlkZXNob3ciOiI0ZWI3NWZjIn0%3D\">\t\t<div class=\"elementor-carousel-image\" role=\"img\" aria-label=\"FridasenbiciIrapuato5\" style=\"background-image: url(&#039;https:\/\/reciclarseenlaciudad.com\/wp-content\/uploads\/2022\/03\/FridasenbiciIrapuato5.jpg&#039;)\">\n\n\t\t\t\n\t\t\t\t\t<\/div>\n\t\t\t\t\t<div class=\"elementor-carousel-image-overlay e-overlay-animation-fade\">\n\t\t\t\t<i class=\"fas fa-search-plus\"><\/i>\t\t\t<\/div>\n\t\t\t<\/a>\t\t\t\t\t\t<\/div>\n\t\t\t\t\t\t\t\t\t\t\t<div class=\"swiper-slide\" role=\"group\" aria-roledescription=\"slide\">\n\t\t\t\t\t\t\t<a href=\"https:\/\/reciclarseenlaciudad.com\/wp-content\/uploads\/2022\/03\/FridasenbiciIrapuato4-1.jpg\" data-elementor-open-lightbox=\"yes\" data-elementor-lightbox-slideshow=\"4eb75fc\" data-elementor-lightbox-title=\"FridasenbiciIrapuato4\" data-e-action-hash=\"#elementor-action%3Aaction%3Dlightbox%26settings%3DeyJpZCI6NTY3NiwidXJsIjoiaHR0cHM6XC9cL3JlY2ljbGFyc2VlbmxhY2l1ZGFkLmNvbVwvd3AtY29udGVudFwvdXBsb2Fkc1wvMjAyMlwvMDNcL0ZyaWRhc2VuYmljaUlyYXB1YXRvNC0xLmpwZyIsInNsaWRlc2hvdyI6IjRlYjc1ZmMifQ%3D%3D\">\t\t<div class=\"elementor-carousel-image\" role=\"img\" aria-label=\"FridasenbiciIrapuato4\" style=\"background-image: url(&#039;https:\/\/reciclarseenlaciudad.com\/wp-content\/uploads\/2022\/03\/FridasenbiciIrapuato4-1.jpg&#039;)\">\n\n\t\t\t\n\t\t\t\t\t<\/div>\n\t\t\t\t\t<div class=\"elementor-carousel-image-overlay e-overlay-animation-fade\">\n\t\t\t\t<i class=\"fas fa-search-plus\"><\/i>\t\t\t<\/div>\n\t\t\t<\/a>\t\t\t\t\t\t<\/div>\n\t\t\t\t\t\t\t\t\t\t\t<div class=\"swiper-slide\" role=\"group\" aria-roledescription=\"slide\">\n\t\t\t\t\t\t\t<a href=\"https:\/\/reciclarseenlaciudad.com\/wp-content\/uploads\/2022\/03\/FridasenbiciIrapuato3.jpg\" data-elementor-open-lightbox=\"yes\" data-elementor-lightbox-slideshow=\"4eb75fc\" data-elementor-lightbox-title=\"FridasenbiciIrapuato3\" data-e-action-hash=\"#elementor-action%3Aaction%3Dlightbox%26settings%3DeyJpZCI6NTY3NSwidXJsIjoiaHR0cHM6XC9cL3JlY2ljbGFyc2VlbmxhY2l1ZGFkLmNvbVwvd3AtY29udGVudFwvdXBsb2Fkc1wvMjAyMlwvMDNcL0ZyaWRhc2VuYmljaUlyYXB1YXRvMy5qcGciLCJzbGlkZXNob3ciOiI0ZWI3NWZjIn0%3D\">\t\t<div class=\"elementor-carousel-image\" role=\"img\" aria-label=\"FridasenbiciIrapuato3\" style=\"background-image: url(&#039;https:\/\/reciclarseenlaciudad.com\/wp-content\/uploads\/2022\/03\/FridasenbiciIrapuato3.jpg&#039;)\">\n\n\t\t\t\n\t\t\t\t\t<\/div>\n\t\t\t\t\t<div class=\"elementor-carousel-image-overlay e-overlay-animation-fade\">\n\t\t\t\t<i class=\"fas fa-search-plus\"><\/i>\t\t\t<\/div>\n\t\t\t<\/a>\t\t\t\t\t\t<\/div>\n\t\t\t\t\t\t\t\t\t\t\t<div class=\"swiper-slide\" role=\"group\" aria-roledescription=\"slide\">\n\t\t\t\t\t\t\t<a href=\"https:\/\/reciclarseenlaciudad.com\/wp-content\/uploads\/2022\/03\/FridasenbiciIrapuato2.jpg\" data-elementor-open-lightbox=\"yes\" data-elementor-lightbox-slideshow=\"4eb75fc\" data-elementor-lightbox-title=\"FridasenbiciIrapuato2\" data-e-action-hash=\"#elementor-action%3Aaction%3Dlightbox%26settings%3DeyJpZCI6NTY3NCwidXJsIjoiaHR0cHM6XC9cL3JlY2ljbGFyc2VlbmxhY2l1ZGFkLmNvbVwvd3AtY29udGVudFwvdXBsb2Fkc1wvMjAyMlwvMDNcL0ZyaWRhc2VuYmljaUlyYXB1YXRvMi5qcGciLCJzbGlkZXNob3ciOiI0ZWI3NWZjIn0%3D\">\t\t<div class=\"elementor-carousel-image\" role=\"img\" aria-label=\"FridasenbiciIrapuato2\" style=\"background-image: url(&#039;https:\/\/reciclarseenlaciudad.com\/wp-content\/uploads\/2022\/03\/FridasenbiciIrapuato2.jpg&#039;)\">\n\n\t\t\t\n\t\t\t\t\t<\/div>\n\t\t\t\t\t<div class=\"elementor-carousel-image-overlay e-overlay-animation-fade\">\n\t\t\t\t<i class=\"fas fa-search-plus\"><\/i>\t\t\t<\/div>\n\t\t\t<\/a>\t\t\t\t\t\t<\/div>\n\t\t\t\t\t\t\t\t\t\t\t<div class=\"swiper-slide\" role=\"group\" aria-roledescription=\"slide\">\n\t\t\t\t\t\t\t<a href=\"https:\/\/reciclarseenlaciudad.com\/wp-content\/uploads\/2022\/03\/FridasenbiciIrapuato1-1.jpg\" data-elementor-open-lightbox=\"yes\" data-elementor-lightbox-slideshow=\"4eb75fc\" data-elementor-lightbox-title=\"FridasenbiciIrapuato1\" data-e-action-hash=\"#elementor-action%3Aaction%3Dlightbox%26settings%3DeyJpZCI6NTY3MywidXJsIjoiaHR0cHM6XC9cL3JlY2ljbGFyc2VlbmxhY2l1ZGFkLmNvbVwvd3AtY29udGVudFwvdXBsb2Fkc1wvMjAyMlwvMDNcL0ZyaWRhc2VuYmljaUlyYXB1YXRvMS0xLmpwZyIsInNsaWRlc2hvdyI6IjRlYjc1ZmMifQ%3D%3D\">\t\t<div class=\"elementor-carousel-image\" role=\"img\" aria-label=\"FridasenbiciIrapuato1\" style=\"background-image: url(&#039;https:\/\/reciclarseenlaciudad.com\/wp-content\/uploads\/2022\/03\/FridasenbiciIrapuato1-1.jpg&#039;)\">\n\n\t\t\t\n\t\t\t\t\t<\/div>\n\t\t\t\t\t<div class=\"elementor-carousel-image-overlay e-overlay-animation-fade\">\n\t\t\t\t<i class=\"fas fa-search-plus\"><\/i>\t\t\t<\/div>\n\t\t\t<\/a>\t\t\t\t\t\t<\/div>\n\t\t\t\t\t\t\t\t\t\t\t<div class=\"swiper-slide\" role=\"group\" aria-roledescription=\"slide\">\n\t\t\t\t\t\t\t<a href=\"https:\/\/reciclarseenlaciudad.com\/wp-content\/uploads\/2022\/03\/FridasenbiciAzcapotzalco14-1.jpg\" data-elementor-open-lightbox=\"yes\" data-elementor-lightbox-slideshow=\"4eb75fc\" data-elementor-lightbox-title=\"FridasenbiciAzcapotzalco14\" data-e-action-hash=\"#elementor-action%3Aaction%3Dlightbox%26settings%3DeyJpZCI6NTY5MSwidXJsIjoiaHR0cHM6XC9cL3JlY2ljbGFyc2VlbmxhY2l1ZGFkLmNvbVwvd3AtY29udGVudFwvdXBsb2Fkc1wvMjAyMlwvMDNcL0ZyaWRhc2VuYmljaUF6Y2Fwb3R6YWxjbzE0LTEuanBnIiwic2xpZGVzaG93IjoiNGViNzVmYyJ9\">\t\t<div class=\"elementor-carousel-image\" role=\"img\" aria-label=\"FridasenbiciAzcapotzalco14\" style=\"background-image: url(&#039;https:\/\/reciclarseenlaciudad.com\/wp-content\/uploads\/2022\/03\/FridasenbiciAzcapotzalco14-1.jpg&#039;)\">\n\n\t\t\t\n\t\t\t\t\t<\/div>\n\t\t\t\t\t<div class=\"elementor-carousel-image-overlay e-overlay-animation-fade\">\n\t\t\t\t<i class=\"fas fa-search-plus\"><\/i>\t\t\t<\/div>\n\t\t\t<\/a>\t\t\t\t\t\t<\/div>\n\t\t\t\t\t\t\t\t\t\t\t<div class=\"swiper-slide\" role=\"group\" aria-roledescription=\"slide\">\n\t\t\t\t\t\t\t<a href=\"https:\/\/reciclarseenlaciudad.com\/wp-content\/uploads\/2022\/03\/FridasenbiciAzcapotzalco13.jpg\" data-elementor-open-lightbox=\"yes\" data-elementor-lightbox-slideshow=\"4eb75fc\" data-elementor-lightbox-title=\"FridasenbiciAzcapotzalco13\" data-e-action-hash=\"#elementor-action%3Aaction%3Dlightbox%26settings%3DeyJpZCI6NTY5MCwidXJsIjoiaHR0cHM6XC9cL3JlY2ljbGFyc2VlbmxhY2l1ZGFkLmNvbVwvd3AtY29udGVudFwvdXBsb2Fkc1wvMjAyMlwvMDNcL0ZyaWRhc2VuYmljaUF6Y2Fwb3R6YWxjbzEzLmpwZyIsInNsaWRlc2hvdyI6IjRlYjc1ZmMifQ%3D%3D\">\t\t<div class=\"elementor-carousel-image\" role=\"img\" aria-label=\"FridasenbiciAzcapotzalco13\" style=\"background-image: url(&#039;https:\/\/reciclarseenlaciudad.com\/wp-content\/uploads\/2022\/03\/FridasenbiciAzcapotzalco13.jpg&#039;)\">\n\n\t\t\t\n\t\t\t\t\t<\/div>\n\t\t\t\t\t<div class=\"elementor-carousel-image-overlay e-overlay-animation-fade\">\n\t\t\t\t<i class=\"fas fa-search-plus\"><\/i>\t\t\t<\/div>\n\t\t\t<\/a>\t\t\t\t\t\t<\/div>\n\t\t\t\t\t\t\t\t\t\t\t<div class=\"swiper-slide\" role=\"group\" aria-roledescription=\"slide\">\n\t\t\t\t\t\t\t<a href=\"https:\/\/reciclarseenlaciudad.com\/wp-content\/uploads\/2022\/03\/FridasenbiciAzcapotzalco12.jpg\" data-elementor-open-lightbox=\"yes\" data-elementor-lightbox-slideshow=\"4eb75fc\" data-elementor-lightbox-title=\"FridasenbiciAzcapotzalco12\" data-e-action-hash=\"#elementor-action%3Aaction%3Dlightbox%26settings%3DeyJpZCI6NTY4OSwidXJsIjoiaHR0cHM6XC9cL3JlY2ljbGFyc2VlbmxhY2l1ZGFkLmNvbVwvd3AtY29udGVudFwvdXBsb2Fkc1wvMjAyMlwvMDNcL0ZyaWRhc2VuYmljaUF6Y2Fwb3R6YWxjbzEyLmpwZyIsInNsaWRlc2hvdyI6IjRlYjc1ZmMifQ%3D%3D\">\t\t<div class=\"elementor-carousel-image\" role=\"img\" aria-label=\"FridasenbiciAzcapotzalco12\" style=\"background-image: url(&#039;https:\/\/reciclarseenlaciudad.com\/wp-content\/uploads\/2022\/03\/FridasenbiciAzcapotzalco12.jpg&#039;)\">\n\n\t\t\t\n\t\t\t\t\t<\/div>\n\t\t\t\t\t<div class=\"elementor-carousel-image-overlay e-overlay-animation-fade\">\n\t\t\t\t<i class=\"fas fa-search-plus\"><\/i>\t\t\t<\/div>\n\t\t\t<\/a>\t\t\t\t\t\t<\/div>\n\t\t\t\t\t\t\t\t\t\t\t<div class=\"swiper-slide\" role=\"group\" aria-roledescription=\"slide\">\n\t\t\t\t\t\t\t<a href=\"https:\/\/reciclarseenlaciudad.com\/wp-content\/uploads\/2022\/03\/FridasenbiciAzcapotzalco11.jpg\" data-elementor-open-lightbox=\"yes\" data-elementor-lightbox-slideshow=\"4eb75fc\" data-elementor-lightbox-title=\"FridasenbiciAzcapotzalco11\" data-e-action-hash=\"#elementor-action%3Aaction%3Dlightbox%26settings%3DeyJpZCI6NTY4OCwidXJsIjoiaHR0cHM6XC9cL3JlY2ljbGFyc2VlbmxhY2l1ZGFkLmNvbVwvd3AtY29udGVudFwvdXBsb2Fkc1wvMjAyMlwvMDNcL0ZyaWRhc2VuYmljaUF6Y2Fwb3R6YWxjbzExLmpwZyIsInNsaWRlc2hvdyI6IjRlYjc1ZmMifQ%3D%3D\">\t\t<div class=\"elementor-carousel-image\" role=\"img\" aria-label=\"FridasenbiciAzcapotzalco11\" style=\"background-image: url(&#039;https:\/\/reciclarseenlaciudad.com\/wp-content\/uploads\/2022\/03\/FridasenbiciAzcapotzalco11.jpg&#039;)\">\n\n\t\t\t\n\t\t\t\t\t<\/div>\n\t\t\t\t\t<div class=\"elementor-carousel-image-overlay e-overlay-animation-fade\">\n\t\t\t\t<i class=\"fas fa-search-plus\"><\/i>\t\t\t<\/div>\n\t\t\t<\/a>\t\t\t\t\t\t<\/div>\n\t\t\t\t\t\t\t\t\t\t\t<div class=\"swiper-slide\" role=\"group\" aria-roledescription=\"slide\">\n\t\t\t\t\t\t\t<a href=\"https:\/\/reciclarseenlaciudad.com\/wp-content\/uploads\/2022\/03\/FridasenbiciAzcapotzalco9.jpg\" data-elementor-open-lightbox=\"yes\" data-elementor-lightbox-slideshow=\"4eb75fc\" data-elementor-lightbox-title=\"FridasenbiciAzcapotzalco9\" data-e-action-hash=\"#elementor-action%3Aaction%3Dlightbox%26settings%3DeyJpZCI6NTY4NiwidXJsIjoiaHR0cHM6XC9cL3JlY2ljbGFyc2VlbmxhY2l1ZGFkLmNvbVwvd3AtY29udGVudFwvdXBsb2Fkc1wvMjAyMlwvMDNcL0ZyaWRhc2VuYmljaUF6Y2Fwb3R6YWxjbzkuanBnIiwic2xpZGVzaG93IjoiNGViNzVmYyJ9\">\t\t<div class=\"elementor-carousel-image\" role=\"img\" aria-label=\"FridasenbiciAzcapotzalco9\" style=\"background-image: url(&#039;https:\/\/reciclarseenlaciudad.com\/wp-content\/uploads\/2022\/03\/FridasenbiciAzcapotzalco9.jpg&#039;)\">\n\n\t\t\t\n\t\t\t\t\t<\/div>\n\t\t\t\t\t<div class=\"elementor-carousel-image-overlay e-overlay-animation-fade\">\n\t\t\t\t<i class=\"fas fa-search-plus\"><\/i>\t\t\t<\/div>\n\t\t\t<\/a>\t\t\t\t\t\t<\/div>\n\t\t\t\t\t\t\t\t\t\t\t<div class=\"swiper-slide\" role=\"group\" aria-roledescription=\"slide\">\n\t\t\t\t\t\t\t<a href=\"https:\/\/reciclarseenlaciudad.com\/wp-content\/uploads\/2022\/03\/FridasenbiciAzcapotzalco10.jpg\" data-elementor-open-lightbox=\"yes\" data-elementor-lightbox-slideshow=\"4eb75fc\" data-elementor-lightbox-title=\"FridasenbiciAzcapotzalco10\" data-e-action-hash=\"#elementor-action%3Aaction%3Dlightbox%26settings%3DeyJpZCI6NTY4NywidXJsIjoiaHR0cHM6XC9cL3JlY2ljbGFyc2VlbmxhY2l1ZGFkLmNvbVwvd3AtY29udGVudFwvdXBsb2Fkc1wvMjAyMlwvMDNcL0ZyaWRhc2VuYmljaUF6Y2Fwb3R6YWxjbzEwLmpwZyIsInNsaWRlc2hvdyI6IjRlYjc1ZmMifQ%3D%3D\">\t\t<div class=\"elementor-carousel-image\" role=\"img\" aria-label=\"FridasenbiciAzcapotzalco10\" style=\"background-image: url(&#039;https:\/\/reciclarseenlaciudad.com\/wp-content\/uploads\/2022\/03\/FridasenbiciAzcapotzalco10.jpg&#039;)\">\n\n\t\t\t\n\t\t\t\t\t<\/div>\n\t\t\t\t\t<div class=\"elementor-carousel-image-overlay e-overlay-animation-fade\">\n\t\t\t\t<i class=\"fas fa-search-plus\"><\/i>\t\t\t<\/div>\n\t\t\t<\/a>\t\t\t\t\t\t<\/div>\n\t\t\t\t\t\t\t\t\t\t\t<div class=\"swiper-slide\" role=\"group\" aria-roledescription=\"slide\">\n\t\t\t\t\t\t\t<a href=\"https:\/\/reciclarseenlaciudad.com\/wp-content\/uploads\/2022\/03\/FridasenbiciAzcapotzalco8.jpg\" data-elementor-open-lightbox=\"yes\" data-elementor-lightbox-slideshow=\"4eb75fc\" data-elementor-lightbox-title=\"FridasenbiciAzcapotzalco8\" data-e-action-hash=\"#elementor-action%3Aaction%3Dlightbox%26settings%3DeyJpZCI6NTY4NSwidXJsIjoiaHR0cHM6XC9cL3JlY2ljbGFyc2VlbmxhY2l1ZGFkLmNvbVwvd3AtY29udGVudFwvdXBsb2Fkc1wvMjAyMlwvMDNcL0ZyaWRhc2VuYmljaUF6Y2Fwb3R6YWxjbzguanBnIiwic2xpZGVzaG93IjoiNGViNzVmYyJ9\">\t\t<div class=\"elementor-carousel-image\" role=\"img\" aria-label=\"FridasenbiciAzcapotzalco8\" style=\"background-image: url(&#039;https:\/\/reciclarseenlaciudad.com\/wp-content\/uploads\/2022\/03\/FridasenbiciAzcapotzalco8.jpg&#039;)\">\n\n\t\t\t\n\t\t\t\t\t<\/div>\n\t\t\t\t\t<div class=\"elementor-carousel-image-overlay e-overlay-animation-fade\">\n\t\t\t\t<i class=\"fas fa-search-plus\"><\/i>\t\t\t<\/div>\n\t\t\t<\/a>\t\t\t\t\t\t<\/div>\n\t\t\t\t\t\t\t\t\t\t\t<div class=\"swiper-slide\" role=\"group\" aria-roledescription=\"slide\">\n\t\t\t\t\t\t\t<a href=\"https:\/\/reciclarseenlaciudad.com\/wp-content\/uploads\/2022\/03\/FridasenbiciAzcapotzalco7.jpg\" data-elementor-open-lightbox=\"yes\" data-elementor-lightbox-slideshow=\"4eb75fc\" data-elementor-lightbox-title=\"FridasenbiciAzcapotzalco7\" data-e-action-hash=\"#elementor-action%3Aaction%3Dlightbox%26settings%3DeyJpZCI6NTY4NCwidXJsIjoiaHR0cHM6XC9cL3JlY2ljbGFyc2VlbmxhY2l1ZGFkLmNvbVwvd3AtY29udGVudFwvdXBsb2Fkc1wvMjAyMlwvMDNcL0ZyaWRhc2VuYmljaUF6Y2Fwb3R6YWxjbzcuanBnIiwic2xpZGVzaG93IjoiNGViNzVmYyJ9\">\t\t<div class=\"elementor-carousel-image\" role=\"img\" aria-label=\"FridasenbiciAzcapotzalco7\" style=\"background-image: url(&#039;https:\/\/reciclarseenlaciudad.com\/wp-content\/uploads\/2022\/03\/FridasenbiciAzcapotzalco7.jpg&#039;)\">\n\n\t\t\t\n\t\t\t\t\t<\/div>\n\t\t\t\t\t<div class=\"elementor-carousel-image-overlay e-overlay-animation-fade\">\n\t\t\t\t<i class=\"fas fa-search-plus\"><\/i>\t\t\t<\/div>\n\t\t\t<\/a>\t\t\t\t\t\t<\/div>\n\t\t\t\t\t\t\t\t\t\t\t<div class=\"swiper-slide\" role=\"group\" aria-roledescription=\"slide\">\n\t\t\t\t\t\t\t<a href=\"https:\/\/reciclarseenlaciudad.com\/wp-content\/uploads\/2022\/03\/FridasenbiciAzcapotzalco6.jpg\" data-elementor-open-lightbox=\"yes\" data-elementor-lightbox-slideshow=\"4eb75fc\" data-elementor-lightbox-title=\"FridasenbiciAzcapotzalco6\" data-e-action-hash=\"#elementor-action%3Aaction%3Dlightbox%26settings%3DeyJpZCI6NTY4MywidXJsIjoiaHR0cHM6XC9cL3JlY2ljbGFyc2VlbmxhY2l1ZGFkLmNvbVwvd3AtY29udGVudFwvdXBsb2Fkc1wvMjAyMlwvMDNcL0ZyaWRhc2VuYmljaUF6Y2Fwb3R6YWxjbzYuanBnIiwic2xpZGVzaG93IjoiNGViNzVmYyJ9\">\t\t<div class=\"elementor-carousel-image\" role=\"img\" aria-label=\"FridasenbiciAzcapotzalco6\" style=\"background-image: url(&#039;https:\/\/reciclarseenlaciudad.com\/wp-content\/uploads\/2022\/03\/FridasenbiciAzcapotzalco6.jpg&#039;)\">\n\n\t\t\t\n\t\t\t\t\t<\/div>\n\t\t\t\t\t<div class=\"elementor-carousel-image-overlay e-overlay-animation-fade\">\n\t\t\t\t<i class=\"fas fa-search-plus\"><\/i>\t\t\t<\/div>\n\t\t\t<\/a>\t\t\t\t\t\t<\/div>\n\t\t\t\t\t\t\t\t\t\t\t<div class=\"swiper-slide\" role=\"group\" aria-roledescription=\"slide\">\n\t\t\t\t\t\t\t<a href=\"https:\/\/reciclarseenlaciudad.com\/wp-content\/uploads\/2022\/03\/FridasenbiciAzcapotzalco5-1.jpg\" data-elementor-open-lightbox=\"yes\" data-elementor-lightbox-slideshow=\"4eb75fc\" data-elementor-lightbox-title=\"FridasenbiciAzcapotzalco5\" data-e-action-hash=\"#elementor-action%3Aaction%3Dlightbox%26settings%3DeyJpZCI6NTY4MiwidXJsIjoiaHR0cHM6XC9cL3JlY2ljbGFyc2VlbmxhY2l1ZGFkLmNvbVwvd3AtY29udGVudFwvdXBsb2Fkc1wvMjAyMlwvMDNcL0ZyaWRhc2VuYmljaUF6Y2Fwb3R6YWxjbzUtMS5qcGciLCJzbGlkZXNob3ciOiI0ZWI3NWZjIn0%3D\">\t\t<div class=\"elementor-carousel-image\" role=\"img\" aria-label=\"FridasenbiciAzcapotzalco5\" style=\"background-image: url(&#039;https:\/\/reciclarseenlaciudad.com\/wp-content\/uploads\/2022\/03\/FridasenbiciAzcapotzalco5-1.jpg&#039;)\">\n\n\t\t\t\n\t\t\t\t\t<\/div>\n\t\t\t\t\t<div class=\"elementor-carousel-image-overlay e-overlay-animation-fade\">\n\t\t\t\t<i class=\"fas fa-search-plus\"><\/i>\t\t\t<\/div>\n\t\t\t<\/a>\t\t\t\t\t\t<\/div>\n\t\t\t\t\t\t\t\t\t\t\t<div class=\"swiper-slide\" role=\"group\" aria-roledescription=\"slide\">\n\t\t\t\t\t\t\t<a href=\"https:\/\/reciclarseenlaciudad.com\/wp-content\/uploads\/2022\/03\/FridasenbiciAzcapotzalco4.jpg\" data-elementor-open-lightbox=\"yes\" data-elementor-lightbox-slideshow=\"4eb75fc\" data-elementor-lightbox-title=\"FridasenbiciAzcapotzalco4\" data-e-action-hash=\"#elementor-action%3Aaction%3Dlightbox%26settings%3DeyJpZCI6NTY4MCwidXJsIjoiaHR0cHM6XC9cL3JlY2ljbGFyc2VlbmxhY2l1ZGFkLmNvbVwvd3AtY29udGVudFwvdXBsb2Fkc1wvMjAyMlwvMDNcL0ZyaWRhc2VuYmljaUF6Y2Fwb3R6YWxjbzQuanBnIiwic2xpZGVzaG93IjoiNGViNzVmYyJ9\">\t\t<div class=\"elementor-carousel-image\" role=\"img\" aria-label=\"FridasenbiciAzcapotzalco4\" style=\"background-image: url(&#039;https:\/\/reciclarseenlaciudad.com\/wp-content\/uploads\/2022\/03\/FridasenbiciAzcapotzalco4.jpg&#039;)\">\n\n\t\t\t\n\t\t\t\t\t<\/div>\n\t\t\t\t\t<div class=\"elementor-carousel-image-overlay e-overlay-animation-fade\">\n\t\t\t\t<i class=\"fas fa-search-plus\"><\/i>\t\t\t<\/div>\n\t\t\t<\/a>\t\t\t\t\t\t<\/div>\n\t\t\t\t\t\t\t\t\t<\/div>\n\t\t\t\t\t\t\t\t\t\t\t\t\t\t\t<div class=\"elementor-swiper-button elementor-swiper-button-prev\" role=\"button\" tabindex=\"0\" aria-label=\"Previous\" data-no-translation-aria-label=\"\">\n\t\t\t\t\t\t\t<i aria-hidden=\"true\" class=\"eicon-chevron-left\"><\/i>\t\t\t\t\t\t<\/div>\n\t\t\t\t\t\t<div class=\"elementor-swiper-button elementor-swiper-button-next\" role=\"button\" tabindex=\"0\" aria-label=\"Next\" data-no-translation-aria-label=\"\">\n\t\t\t\t\t\t\t<i aria-hidden=\"true\" class=\"eicon-chevron-right\"><\/i>\t\t\t\t\t\t<\/div>\n\t\t\t\t\t\t\t\t\t\t\t\t\t\t\t\t<div class=\"swiper-pagination\"><\/div>\n\t\t\t\t\t\t\t\t\t\t\t\t<\/div>\n\t\t\t\t<\/div>\n\t\t\t\t\t\t\t\t<\/div>\n\t\t\t\t<\/div>\n\t\t\t\t\t<\/div>\n\t\t<\/div>\n\t\t\t\t\t<\/div>\n\t\t<\/section>\n\t\t\t\t\t<\/div>\n\t\t<\/div>\n\t\t\t\t\t<\/div>\n\t\t<\/section>\n\t\t\t\t<section class=\"elementor-section elementor-top-section elementor-element elementor-element-9a46cb1 elementor-section-boxed elementor-section-height-default elementor-section-height-default\" data-id=\"9a46cb1\" data-element_type=\"section\" data-e-type=\"section\">\n\t\t\t\t\t\t<div class=\"elementor-container elementor-column-gap-default\">\n\t\t\t\t\t<div class=\"elementor-column elementor-col-100 elementor-top-column elementor-element elementor-element-2a60a78\" data-id=\"2a60a78\" data-element_type=\"column\" data-e-type=\"column\">\n\t\t\t<div class=\"elementor-widget-wrap elementor-element-populated\">\n\t\t\t\t\t\t<div class=\"elementor-element elementor-element-2ecc9f3 elementor-widget elementor-widget-image\" data-id=\"2ecc9f3\" data-element_type=\"widget\" data-e-type=\"widget\" data-widget_type=\"image.default\">\n\t\t\t\t<div class=\"elementor-widget-container\">\n\t\t\t\t\t\t\t\t\t\t\t\t\t\t\t<img loading=\"lazy\" decoding=\"async\" width=\"89\" height=\"55\" src=\"https:\/\/reciclarseenlaciudad.com\/wp-content\/uploads\/2020\/10\/Icono-Reciclarse-89x55-3.png\" class=\"attachment-medium size-medium wp-image-2329\" alt=\"\" \/>\t\t\t\t\t\t\t\t\t\t\t\t\t\t\t<\/div>\n\t\t\t\t<\/div>\n\t\t\t\t\t<\/div>\n\t\t<\/div>\n\t\t\t\t\t<\/div>\n\t\t<\/section>\n\t\t\t\t<section class=\"elementor-section elementor-top-section elementor-element elementor-element-4d73c0ab elementor-section-boxed elementor-section-height-default elementor-section-height-default\" data-id=\"4d73c0ab\" data-element_type=\"section\" data-e-type=\"section\">\n\t\t\t\t\t\t<div class=\"elementor-container elementor-column-gap-default\">\n\t\t\t\t\t<div class=\"elementor-column elementor-col-100 elementor-top-column elementor-element elementor-element-27531d12\" data-id=\"27531d12\" data-element_type=\"column\" data-e-type=\"column\">\n\t\t\t<div class=\"elementor-widget-wrap\">\n\t\t\t\t\t\t\t<\/div>\n\t\t<\/div>\n\t\t\t\t\t<\/div>\n\t\t<\/section>\n\t\t\t\t<section class=\"elementor-section elementor-top-section elementor-element elementor-element-76330381 elementor-section-boxed elementor-section-height-default elementor-section-height-default\" data-id=\"76330381\" data-element_type=\"section\" data-e-type=\"section\">\n\t\t\t\t\t\t<div class=\"elementor-container elementor-column-gap-default\">\n\t\t\t\t\t<div class=\"elementor-column elementor-col-50 elementor-top-column elementor-element elementor-element-111e8b4e\" data-id=\"111e8b4e\" data-element_type=\"column\" data-e-type=\"column\">\n\t\t\t<div class=\"elementor-widget-wrap\">\n\t\t\t\t\t\t\t<\/div>\n\t\t<\/div>\n\t\t\t\t<div class=\"elementor-column elementor-col-50 elementor-top-column elementor-element elementor-element-2d876d63\" data-id=\"2d876d63\" data-element_type=\"column\" data-e-type=\"column\">\n\t\t\t<div class=\"elementor-widget-wrap elementor-element-populated\">\n\t\t\t\t\t\t<section class=\"elementor-section elementor-inner-section elementor-element elementor-element-7b475582 elementor-section-boxed elementor-section-height-default elementor-section-height-default\" data-id=\"7b475582\" data-element_type=\"section\" data-e-type=\"section\">\n\t\t\t\t\t\t<div class=\"elementor-container elementor-column-gap-default\">\n\t\t\t\t\t<div class=\"elementor-column elementor-col-100 elementor-inner-column elementor-element elementor-element-6e76d825\" data-id=\"6e76d825\" data-element_type=\"column\" data-e-type=\"column\">\n\t\t\t<div class=\"elementor-widget-wrap elementor-element-populated\">\n\t\t\t\t\t\t<div class=\"elementor-element elementor-element-67c0e645 elementor-widget elementor-widget-spacer\" data-id=\"67c0e645\" data-element_type=\"widget\" data-e-type=\"widget\" data-widget_type=\"spacer.default\">\n\t\t\t\t<div class=\"elementor-widget-container\">\n\t\t\t\t\t\t\t<div class=\"elementor-spacer\">\n\t\t\t<div class=\"elementor-spacer-inner\"><\/div>\n\t\t<\/div>\n\t\t\t\t\t\t<\/div>\n\t\t\t\t<\/div>\n\t\t\t\t\t<\/div>\n\t\t<\/div>\n\t\t\t\t\t<\/div>\n\t\t<\/section>\n\t\t\t\t<div class=\"elementor-element elementor-element-41f09890 elementor-share-buttons--view-icon elementor-share-buttons--shape-circle elementor-share-buttons--color-custom elementor-share-buttons--skin-gradient elementor-grid-0 elementor-widget elementor-widget-share-buttons\" data-id=\"41f09890\" data-element_type=\"widget\" data-e-type=\"widget\" data-widget_type=\"share-buttons.default\">\n\t\t\t\t<div class=\"elementor-widget-container\">\n\t\t\t\t\t\t\t<div class=\"elementor-grid\" role=\"list\">\n\t\t\t\t\t\t\t\t<div class=\"elementor-grid-item\" role=\"listitem\">\n\t\t\t\t\t\t<div class=\"elementor-share-btn elementor-share-btn_facebook\" role=\"button\" tabindex=\"0\" aria-label=\"Share on facebook\" data-no-translation-aria-label=\"\">\n\t\t\t\t\t\t\t\t\t\t\t\t\t\t\t<span class=\"elementor-share-btn__icon\">\n\t\t\t\t\t\t\t\t<i class=\"fab fa-facebook\" aria-hidden=\"true\"><\/i>\t\t\t\t\t\t\t<\/span>\n\t\t\t\t\t\t\t\t\t\t\t\t\t\t\t\t\t\t\t\t<\/div>\n\t\t\t\t\t<\/div>\n\t\t\t\t\t\t\t\t\t<div class=\"elementor-grid-item\" role=\"listitem\">\n\t\t\t\t\t\t<div class=\"elementor-share-btn elementor-share-btn_twitter\" role=\"button\" tabindex=\"0\" aria-label=\"Share on twitter\" data-no-translation-aria-label=\"\">\n\t\t\t\t\t\t\t\t\t\t\t\t\t\t\t<span class=\"elementor-share-btn__icon\">\n\t\t\t\t\t\t\t\t<i class=\"fab fa-twitter\" aria-hidden=\"true\"><\/i>\t\t\t\t\t\t\t<\/span>\n\t\t\t\t\t\t\t\t\t\t\t\t\t\t\t\t\t\t\t\t<\/div>\n\t\t\t\t\t<\/div>\n\t\t\t\t\t\t<\/div>\n\t\t\t\t\t\t<\/div>\n\t\t\t\t<\/div>\n\t\t\t\t<section class=\"elementor-section elementor-inner-section elementor-element elementor-element-22a1cc5f elementor-section-boxed elementor-section-height-default elementor-section-height-default\" data-id=\"22a1cc5f\" data-element_type=\"section\" data-e-type=\"section\">\n\t\t\t\t\t\t<div class=\"elementor-container elementor-column-gap-default\">\n\t\t\t\t\t<div class=\"elementor-column elementor-col-100 elementor-inner-column elementor-element elementor-element-376fe2d1\" data-id=\"376fe2d1\" data-element_type=\"column\" data-e-type=\"column\">\n\t\t\t<div class=\"elementor-widget-wrap elementor-element-populated\">\n\t\t\t\t\t\t<div class=\"elementor-element elementor-element-5815db37 elementor-widget elementor-widget-text-editor\" data-id=\"5815db37\" data-element_type=\"widget\" data-e-type=\"widget\" data-widget_type=\"text-editor.default\">\n\t\t\t\t<div class=\"elementor-widget-container\">\n\t\t\t\t\t\t\t\t\t<p style=\"text-align: center;\">&nbsp; &nbsp;Share this story<\/p>\t\t\t\t\t\t\t\t<\/div>\n\t\t\t\t<\/div>\n\t\t\t\t\t<\/div>\n\t\t<\/div>\n\t\t\t\t\t<\/div>\n\t\t<\/section>\n\t\t\t\t\t<\/div>\n\t\t<\/div>\n\t\t\t\t\t<\/div>\n\t\t<\/section>\n\t\t\t\t<section class=\"elementor-section elementor-top-section elementor-element elementor-element-46f249b elementor-section-boxed elementor-section-height-default elementor-section-height-default\" data-id=\"46f249b\" data-element_type=\"section\" data-e-type=\"section\" data-settings=\"{&quot;background_background&quot;:&quot;classic&quot;}\">\n\t\t\t\t\t\t<div class=\"elementor-container elementor-column-gap-default\">\n\t\t\t\t\t<div class=\"elementor-column elementor-col-100 elementor-top-column elementor-element elementor-element-24812b2\" data-id=\"24812b2\" data-element_type=\"column\" data-e-type=\"column\">\n\t\t\t<div class=\"elementor-widget-wrap elementor-element-populated\">\n\t\t\t\t\t\t<div class=\"elementor-element elementor-element-3478a0a elementor-widget elementor-widget-text-editor\" data-id=\"3478a0a\" data-element_type=\"widget\" data-e-type=\"widget\" data-widget_type=\"text-editor.default\">\n\t\t\t\t<div class=\"elementor-widget-container\">\n\t\t\t\t\t\t\t\t\t<p><b style=\"color: var( --e-global-color-text ); letter-spacing: 0.3px;\">Colaboradoras (fotograf\u00eda y texto): <\/b><span style=\"color: var( --e-global-color-text ); letter-spacing: 0.3px;\"><a href=\"https:\/\/www.instagram.com\/fridasenbici_cdmx\/\">@fridasenbici_cdmx<\/a>, <a href=\"https:\/\/www.instagram.com\/clandestinas.bike\/\">@clandestinas.bike<\/a>, <a href=\"https:\/\/www.instagram.com\/nickyenbici\/\">@nickyenbici<\/a>, <a href=\"https:\/\/www.instagram.com\/ciclistasxsostenibilidad\/\">@ciclistasxsostenibilidad<\/a>, <a href=\"https:\/\/www.instagram.com\/insolenteoaxaca\/\">@insolenteoaxaca<\/a>, <a href=\"https:\/\/www.instagram.com\/fridasenbici_azcapotzalco\/\">@fridasenbici_azcapotzalco<\/a><\/span><\/p><p><span style=\"font-weight: bold; color: var( --e-global-color-text ); letter-spacing: 0.3px;\">Edici\u00f3n:<\/span><span style=\"color: var( --e-global-color-text ); letter-spacing: 0.3px;\">\u00a0Mar\u00eda \u00c1vila<\/span><span style=\"color: var( --e-global-color-text ); letter-spacing: 0.3px;\"><br \/><\/span><\/p>\t\t\t\t\t\t\t\t<\/div>\n\t\t\t\t<\/div>\n\t\t\t\t\t<\/div>\n\t\t<\/div>\n\t\t\t\t\t<\/div>\n\t\t<\/section>\n\t\t\t\t<\/div>","protected":false},"excerpt":{"rendered":"<p>Ir a la marcha del 8M siempre me pone la piel chinita, saber que estoy rodeada de mujeres igual de fuertes que yo, que d\u00eda a d\u00eda luchan sus batallas para salir adelante, me llena de inspiraci\u00f3n.<\/p>","protected":false},"author":5,"featured_media":5634,"comment_status":"closed","ping_status":"open","sticky":false,"template":"","format":"standard","meta":{"nf_dc_page":"","site-sidebar-layout":"default","site-content-layout":"","ast-site-content-layout":"default","site-content-style":"default","site-sidebar-style":"default","ast-global-header-display":"","ast-banner-title-visibility":"","ast-main-header-display":"","ast-hfb-above-header-display":"","ast-hfb-below-header-display":"","ast-hfb-mobile-header-display":"","site-post-title":"","ast-breadcrumbs-content":"","ast-featured-img":"","footer-sml-layout":"","ast-disable-related-posts":"","theme-transparent-header-meta":"","adv-header-id-meta":"","stick-header-meta":"","header-above-stick-meta":"","header-main-stick-meta":"","header-below-stick-meta":"","astra-migrate-meta-layouts":"default","ast-page-background-enabled":"default","ast-page-background-meta":{"desktop":{"background-color":"var(--ast-global-color-4)","background-image":"","background-repeat":"repeat","background-position":"center center","background-size":"auto","background-attachment":"scroll","background-type":"","background-media":"","overlay-type":"","overlay-color":"","overlay-opacity":"","overlay-gradient":""},"tablet":{"background-color":"","background-image":"","background-repeat":"repeat","background-position":"center center","background-size":"auto","background-attachment":"scroll","background-type":"","background-media":"","overlay-type":"","overlay-color":"","overlay-opacity":"","overlay-gradient":""},"mobile":{"background-color":"","background-image":"","background-repeat":"repeat","background-position":"center center","background-size":"auto","background-attachment":"scroll","background-type":"","background-media":"","overlay-type":"","overlay-color":"","overlay-opacity":"","overlay-gradient":""}},"ast-content-background-meta":{"desktop":{"background-color":"var(--ast-global-color-5)","background-image":"","background-repeat":"repeat","background-position":"center center","background-size":"auto","background-attachment":"scroll","background-type":"","background-media":"","overlay-type":"","overlay-color":"","overlay-opacity":"","overlay-gradient":""},"tablet":{"background-color":"var(--ast-global-color-5)","background-image":"","background-repeat":"repeat","background-position":"center center","background-size":"auto","background-attachment":"scroll","background-type":"","background-media":"","overlay-type":"","overlay-color":"","overlay-opacity":"","overlay-gradient":""},"mobile":{"background-color":"var(--ast-global-color-5)","background-image":"","background-repeat":"repeat","background-position":"center center","background-size":"auto","background-attachment":"scroll","background-type":"","background-media":"","overlay-type":"","overlay-color":"","overlay-opacity":"","overlay-gradient":""}},"footnotes":""},"categories":[122],"tags":[121,54,76,52,48,97],"class_list":["post-5628","post","type-post","status-publish","format-standard","has-post-thumbnail","hentry","category-varias-ciudades","tag-8m2022","tag-comunidad","tag-feminismo","tag-genero","tag-geografia","tag-movimientos-sociales"],"yoast_head":"<!-- This site is optimized with the Yoast SEO plugin v27.4 - https:\/\/yoast.com\/product\/yoast-seo-wordpress\/ -->\n<title>#8M2022 - (re)Ciclarse en la Ciudad<\/title>\n<meta name=\"description\" content=\"Cr\u00f3nica fotogr\u00e1fica colectiva del #8M2022 en varias ciudades mexicanas. #8M,mujeres, bicicletas y participaci\u00f3n.\" \/>\n<meta name=\"robots\" content=\"index, follow, max-snippet:-1, max-image-preview:large, max-video-preview:-1\" \/>\n<link rel=\"canonical\" href=\"https:\/\/reciclarseenlaciudad.com\/en\/8m2022\/\" \/>\n<meta property=\"og:locale\" content=\"en_US\" \/>\n<meta property=\"og:type\" content=\"article\" \/>\n<meta property=\"og:title\" content=\"#8M2022 en bici\" \/>\n<meta property=\"og:description\" content=\"Cr\u00f3nica fotogr\u00e1fica colectiva del #8M2022 en bici desde varias ciudades mexicanas. \u00bfTienes fotos de ese d\u00eda memorable? \u00a1Env\u00edanoslas!\" \/>\n<meta property=\"og:url\" content=\"https:\/\/reciclarseenlaciudad.com\/en\/8m2022\/\" \/>\n<meta property=\"og:site_name\" content=\"(re)Ciclarse en la Ciudad\" \/>\n<meta property=\"article:publisher\" content=\"https:\/\/www.facebook.com\/reciclarseenlaciudad\" \/>\n<meta property=\"article:published_time\" content=\"2022-03-29T04:40:49+00:00\" \/>\n<meta property=\"article:modified_time\" content=\"2022-04-02T10:53:47+00:00\" \/>\n<meta property=\"og:image\" content=\"https:\/\/reciclarseenlaciudad.com\/wp-content\/uploads\/2022\/03\/ClandestinasBike2.jpg\" \/>\n\t<meta property=\"og:image:width\" content=\"1280\" \/>\n\t<meta property=\"og:image:height\" content=\"838\" \/>\n\t<meta property=\"og:image:type\" content=\"image\/jpeg\" \/>\n<meta name=\"author\" content=\"Mar\u00eda \u00c1vila\" \/>\n<meta name=\"twitter:card\" content=\"summary_large_image\" \/>\n<meta name=\"twitter:title\" content=\"#8M2022 en bici\" \/>\n<meta name=\"twitter:description\" content=\"Cr\u00f3nica fotogr\u00e1fica colectiva del #8M2022 en bici desde varias ciudades mexicanas. \u00bfTienes fotos de ese d\u00eda memorable? \u00a1Env\u00edanoslas!\" \/>\n<meta name=\"twitter:image\" content=\"https:\/\/reciclarseenlaciudad.com\/wp-content\/uploads\/2022\/03\/ClandestinasBike2.jpg\" \/>\n<meta name=\"twitter:creator\" content=\"@ReciclarseC\" \/>\n<meta name=\"twitter:site\" content=\"@ReciclarseC\" \/>\n<meta name=\"twitter:label1\" content=\"Written by\" \/>\n\t<meta name=\"twitter:data1\" content=\"Mar\u00eda \u00c1vila\" \/>\n\t<meta name=\"twitter:label2\" content=\"Est. reading time\" \/>\n\t<meta name=\"twitter:data2\" content=\"5 minutes\" \/>\n<script type=\"application\/ld+json\" class=\"yoast-schema-graph\">{\"@context\":\"https:\\\/\\\/schema.org\",\"@graph\":[{\"@type\":\"Article\",\"@id\":\"https:\\\/\\\/reciclarseenlaciudad.com\\\/8m2022\\\/#article\",\"isPartOf\":{\"@id\":\"https:\\\/\\\/reciclarseenlaciudad.com\\\/8m2022\\\/\"},\"author\":{\"name\":\"Mar\u00eda \u00c1vila\",\"@id\":\"https:\\\/\\\/reciclarseenlaciudad.com\\\/#\\\/schema\\\/person\\\/a139b0d66375622339e2513cb05b332f\"},\"headline\":\"#8M2022\",\"datePublished\":\"2022-03-29T04:40:49+00:00\",\"dateModified\":\"2022-04-02T10:53:47+00:00\",\"mainEntityOfPage\":{\"@id\":\"https:\\\/\\\/reciclarseenlaciudad.com\\\/8m2022\\\/\"},\"wordCount\":578,\"publisher\":{\"@id\":\"https:\\\/\\\/reciclarseenlaciudad.com\\\/#organization\"},\"image\":{\"@id\":\"https:\\\/\\\/reciclarseenlaciudad.com\\\/8m2022\\\/#primaryimage\"},\"thumbnailUrl\":\"https:\\\/\\\/reciclarseenlaciudad.com\\\/wp-content\\\/uploads\\\/2022\\\/03\\\/ClandestinasBike2.jpg\",\"keywords\":[\"8M2022\",\"Comunidad\",\"Feminismo\",\"G\u00e9nero\",\"Geograf\u00eda\",\"Movimientos sociales\"],\"articleSection\":[\"Varias ciudades\"],\"inLanguage\":\"en-CA\"},{\"@type\":\"WebPage\",\"@id\":\"https:\\\/\\\/reciclarseenlaciudad.com\\\/8m2022\\\/\",\"url\":\"https:\\\/\\\/reciclarseenlaciudad.com\\\/8m2022\\\/\",\"name\":\"#8M2022 - (re)Ciclarse en la Ciudad\",\"isPartOf\":{\"@id\":\"https:\\\/\\\/reciclarseenlaciudad.com\\\/#website\"},\"primaryImageOfPage\":{\"@id\":\"https:\\\/\\\/reciclarseenlaciudad.com\\\/8m2022\\\/#primaryimage\"},\"image\":{\"@id\":\"https:\\\/\\\/reciclarseenlaciudad.com\\\/8m2022\\\/#primaryimage\"},\"thumbnailUrl\":\"https:\\\/\\\/reciclarseenlaciudad.com\\\/wp-content\\\/uploads\\\/2022\\\/03\\\/ClandestinasBike2.jpg\",\"datePublished\":\"2022-03-29T04:40:49+00:00\",\"dateModified\":\"2022-04-02T10:53:47+00:00\",\"description\":\"Cr\u00f3nica fotogr\u00e1fica colectiva del #8M2022 en varias ciudades mexicanas. #8M,mujeres, bicicletas y participaci\u00f3n.\",\"breadcrumb\":{\"@id\":\"https:\\\/\\\/reciclarseenlaciudad.com\\\/8m2022\\\/#breadcrumb\"},\"inLanguage\":\"en-CA\",\"potentialAction\":[{\"@type\":\"ReadAction\",\"target\":[\"https:\\\/\\\/reciclarseenlaciudad.com\\\/8m2022\\\/\"]}]},{\"@type\":\"ImageObject\",\"inLanguage\":\"en-CA\",\"@id\":\"https:\\\/\\\/reciclarseenlaciudad.com\\\/8m2022\\\/#primaryimage\",\"url\":\"https:\\\/\\\/reciclarseenlaciudad.com\\\/wp-content\\\/uploads\\\/2022\\\/03\\\/ClandestinasBike2.jpg\",\"contentUrl\":\"https:\\\/\\\/reciclarseenlaciudad.com\\\/wp-content\\\/uploads\\\/2022\\\/03\\\/ClandestinasBike2.jpg\",\"width\":1280,\"height\":838},{\"@type\":\"BreadcrumbList\",\"@id\":\"https:\\\/\\\/reciclarseenlaciudad.com\\\/8m2022\\\/#breadcrumb\",\"itemListElement\":[{\"@type\":\"ListItem\",\"position\":1,\"name\":\"Home\",\"item\":\"https:\\\/\\\/reciclarseenlaciudad.com\\\/\"},{\"@type\":\"ListItem\",\"position\":2,\"name\":\"#8M2022\"}]},{\"@type\":\"WebSite\",\"@id\":\"https:\\\/\\\/reciclarseenlaciudad.com\\\/#website\",\"url\":\"https:\\\/\\\/reciclarseenlaciudad.com\\\/\",\"name\":\"(re)Ciclarse en la Ciudad\",\"description\":\"(re)Ciclarse en la Ciudad\",\"publisher\":{\"@id\":\"https:\\\/\\\/reciclarseenlaciudad.com\\\/#organization\"},\"potentialAction\":[{\"@type\":\"SearchAction\",\"target\":{\"@type\":\"EntryPoint\",\"urlTemplate\":\"https:\\\/\\\/reciclarseenlaciudad.com\\\/?s={search_term_string}\"},\"query-input\":{\"@type\":\"PropertyValueSpecification\",\"valueRequired\":true,\"valueName\":\"search_term_string\"}}],\"inLanguage\":\"en-CA\"},{\"@type\":\"Organization\",\"@id\":\"https:\\\/\\\/reciclarseenlaciudad.com\\\/#organization\",\"name\":\"(re)Ciclarse en la Ciudad\",\"url\":\"https:\\\/\\\/reciclarseenlaciudad.com\\\/\",\"logo\":{\"@type\":\"ImageObject\",\"inLanguage\":\"en-CA\",\"@id\":\"https:\\\/\\\/reciclarseenlaciudad.com\\\/#\\\/schema\\\/logo\\\/image\\\/\",\"url\":\"https:\\\/\\\/reciclarseenlaciudad.com\\\/wp-content\\\/uploads\\\/2021\\\/02\\\/Logo-re-ciclarse-sin-slogan.png\",\"contentUrl\":\"https:\\\/\\\/reciclarseenlaciudad.com\\\/wp-content\\\/uploads\\\/2021\\\/02\\\/Logo-re-ciclarse-sin-slogan.png\",\"width\":1839,\"height\":930,\"caption\":\"(re)Ciclarse en la Ciudad\"},\"image\":{\"@id\":\"https:\\\/\\\/reciclarseenlaciudad.com\\\/#\\\/schema\\\/logo\\\/image\\\/\"},\"sameAs\":[\"https:\\\/\\\/www.facebook.com\\\/reciclarseenlaciudad\",\"https:\\\/\\\/x.com\\\/ReciclarseC\",\"https:\\\/\\\/www.instagram.com\\\/reciclarseenlaciudad\\\/\"]},{\"@type\":\"Person\",\"@id\":\"https:\\\/\\\/reciclarseenlaciudad.com\\\/#\\\/schema\\\/person\\\/a139b0d66375622339e2513cb05b332f\",\"name\":\"Mar\u00eda \u00c1vila\",\"image\":{\"@type\":\"ImageObject\",\"inLanguage\":\"en-CA\",\"@id\":\"https:\\\/\\\/secure.gravatar.com\\\/avatar\\\/484803b29172e715a28e068fdb5d88e7294539cf23f7103cefed208bef27e1d5?s=96&d=mm&r=g\",\"url\":\"https:\\\/\\\/secure.gravatar.com\\\/avatar\\\/484803b29172e715a28e068fdb5d88e7294539cf23f7103cefed208bef27e1d5?s=96&d=mm&r=g\",\"contentUrl\":\"https:\\\/\\\/secure.gravatar.com\\\/avatar\\\/484803b29172e715a28e068fdb5d88e7294539cf23f7103cefed208bef27e1d5?s=96&d=mm&r=g\",\"caption\":\"Mar\u00eda \u00c1vila\"},\"url\":\"https:\\\/\\\/reciclarseenlaciudad.com\\\/en\\\/author\\\/maria-roavgmail-com\\\/\"}]}<\/script>\n<!-- \/ Yoast SEO plugin. -->","yoast_head_json":{"title":"#8M2022 - (re)Ciclarse en la Ciudad","description":"Cr\u00f3nica fotogr\u00e1fica colectiva del #8M2022 en varias ciudades mexicanas. #8M,mujeres, bicicletas y participaci\u00f3n.","robots":{"index":"index","follow":"follow","max-snippet":"max-snippet:-1","max-image-preview":"max-image-preview:large","max-video-preview":"max-video-preview:-1"},"canonical":"https:\/\/reciclarseenlaciudad.com\/en\/8m2022\/","og_locale":"en_US","og_type":"article","og_title":"#8M2022 en bici","og_description":"Cr\u00f3nica fotogr\u00e1fica colectiva del #8M2022 en bici desde varias ciudades mexicanas. \u00bfTienes fotos de ese d\u00eda memorable? \u00a1Env\u00edanoslas!","og_url":"https:\/\/reciclarseenlaciudad.com\/en\/8m2022\/","og_site_name":"(re)Ciclarse en la Ciudad","article_publisher":"https:\/\/www.facebook.com\/reciclarseenlaciudad","article_published_time":"2022-03-29T04:40:49+00:00","article_modified_time":"2022-04-02T10:53:47+00:00","og_image":[{"width":1280,"height":838,"url":"https:\/\/reciclarseenlaciudad.com\/wp-content\/uploads\/2022\/03\/ClandestinasBike2.jpg","type":"image\/jpeg"}],"author":"Mar\u00eda \u00c1vila","twitter_card":"summary_large_image","twitter_title":"#8M2022 en bici","twitter_description":"Cr\u00f3nica fotogr\u00e1fica colectiva del #8M2022 en bici desde varias ciudades mexicanas. \u00bfTienes fotos de ese d\u00eda memorable? \u00a1Env\u00edanoslas!","twitter_image":"https:\/\/reciclarseenlaciudad.com\/wp-content\/uploads\/2022\/03\/ClandestinasBike2.jpg","twitter_creator":"@ReciclarseC","twitter_site":"@ReciclarseC","twitter_misc":{"Written by":"Mar\u00eda \u00c1vila","Est. reading time":"5 minutes"},"schema":{"@context":"https:\/\/schema.org","@graph":[{"@type":"Article","@id":"https:\/\/reciclarseenlaciudad.com\/8m2022\/#article","isPartOf":{"@id":"https:\/\/reciclarseenlaciudad.com\/8m2022\/"},"author":{"name":"Mar\u00eda \u00c1vila","@id":"https:\/\/reciclarseenlaciudad.com\/#\/schema\/person\/a139b0d66375622339e2513cb05b332f"},"headline":"#8M2022","datePublished":"2022-03-29T04:40:49+00:00","dateModified":"2022-04-02T10:53:47+00:00","mainEntityOfPage":{"@id":"https:\/\/reciclarseenlaciudad.com\/8m2022\/"},"wordCount":578,"publisher":{"@id":"https:\/\/reciclarseenlaciudad.com\/#organization"},"image":{"@id":"https:\/\/reciclarseenlaciudad.com\/8m2022\/#primaryimage"},"thumbnailUrl":"https:\/\/reciclarseenlaciudad.com\/wp-content\/uploads\/2022\/03\/ClandestinasBike2.jpg","keywords":["8M2022","Comunidad","Feminismo","G\u00e9nero","Geograf\u00eda","Movimientos sociales"],"articleSection":["Varias ciudades"],"inLanguage":"en-CA"},{"@type":"WebPage","@id":"https:\/\/reciclarseenlaciudad.com\/8m2022\/","url":"https:\/\/reciclarseenlaciudad.com\/8m2022\/","name":"#8M2022 - (re)Ciclarse en la Ciudad","isPartOf":{"@id":"https:\/\/reciclarseenlaciudad.com\/#website"},"primaryImageOfPage":{"@id":"https:\/\/reciclarseenlaciudad.com\/8m2022\/#primaryimage"},"image":{"@id":"https:\/\/reciclarseenlaciudad.com\/8m2022\/#primaryimage"},"thumbnailUrl":"https:\/\/reciclarseenlaciudad.com\/wp-content\/uploads\/2022\/03\/ClandestinasBike2.jpg","datePublished":"2022-03-29T04:40:49+00:00","dateModified":"2022-04-02T10:53:47+00:00","description":"Cr\u00f3nica fotogr\u00e1fica colectiva del #8M2022 en varias ciudades mexicanas. #8M,mujeres, bicicletas y participaci\u00f3n.","breadcrumb":{"@id":"https:\/\/reciclarseenlaciudad.com\/8m2022\/#breadcrumb"},"inLanguage":"en-CA","potentialAction":[{"@type":"ReadAction","target":["https:\/\/reciclarseenlaciudad.com\/8m2022\/"]}]},{"@type":"ImageObject","inLanguage":"en-CA","@id":"https:\/\/reciclarseenlaciudad.com\/8m2022\/#primaryimage","url":"https:\/\/reciclarseenlaciudad.com\/wp-content\/uploads\/2022\/03\/ClandestinasBike2.jpg","contentUrl":"https:\/\/reciclarseenlaciudad.com\/wp-content\/uploads\/2022\/03\/ClandestinasBike2.jpg","width":1280,"height":838},{"@type":"BreadcrumbList","@id":"https:\/\/reciclarseenlaciudad.com\/8m2022\/#breadcrumb","itemListElement":[{"@type":"ListItem","position":1,"name":"Home","item":"https:\/\/reciclarseenlaciudad.com\/"},{"@type":"ListItem","position":2,"name":"#8M2022"}]},{"@type":"WebSite","@id":"https:\/\/reciclarseenlaciudad.com\/#website","url":"https:\/\/reciclarseenlaciudad.com\/","name":"(re)Ciclarse en la Ciudad","description":"(re)Ciclarse en la Ciudad","publisher":{"@id":"https:\/\/reciclarseenlaciudad.com\/#organization"},"potentialAction":[{"@type":"SearchAction","target":{"@type":"EntryPoint","urlTemplate":"https:\/\/reciclarseenlaciudad.com\/?s={search_term_string}"},"query-input":{"@type":"PropertyValueSpecification","valueRequired":true,"valueName":"search_term_string"}}],"inLanguage":"en-CA"},{"@type":"Organization","@id":"https:\/\/reciclarseenlaciudad.com\/#organization","name":"(re)Ciclarse en la Ciudad","url":"https:\/\/reciclarseenlaciudad.com\/","logo":{"@type":"ImageObject","inLanguage":"en-CA","@id":"https:\/\/reciclarseenlaciudad.com\/#\/schema\/logo\/image\/","url":"https:\/\/reciclarseenlaciudad.com\/wp-content\/uploads\/2021\/02\/Logo-re-ciclarse-sin-slogan.png","contentUrl":"https:\/\/reciclarseenlaciudad.com\/wp-content\/uploads\/2021\/02\/Logo-re-ciclarse-sin-slogan.png","width":1839,"height":930,"caption":"(re)Ciclarse en la Ciudad"},"image":{"@id":"https:\/\/reciclarseenlaciudad.com\/#\/schema\/logo\/image\/"},"sameAs":["https:\/\/www.facebook.com\/reciclarseenlaciudad","https:\/\/x.com\/ReciclarseC","https:\/\/www.instagram.com\/reciclarseenlaciudad\/"]},{"@type":"Person","@id":"https:\/\/reciclarseenlaciudad.com\/#\/schema\/person\/a139b0d66375622339e2513cb05b332f","name":"Mar\u00eda \u00c1vila","image":{"@type":"ImageObject","inLanguage":"en-CA","@id":"https:\/\/secure.gravatar.com\/avatar\/484803b29172e715a28e068fdb5d88e7294539cf23f7103cefed208bef27e1d5?s=96&d=mm&r=g","url":"https:\/\/secure.gravatar.com\/avatar\/484803b29172e715a28e068fdb5d88e7294539cf23f7103cefed208bef27e1d5?s=96&d=mm&r=g","contentUrl":"https:\/\/secure.gravatar.com\/avatar\/484803b29172e715a28e068fdb5d88e7294539cf23f7103cefed208bef27e1d5?s=96&d=mm&r=g","caption":"Mar\u00eda \u00c1vila"},"url":"https:\/\/reciclarseenlaciudad.com\/en\/author\/maria-roavgmail-com\/"}]}},"_links":{"self":[{"href":"https:\/\/reciclarseenlaciudad.com\/en\/wp-json\/wp\/v2\/posts\/5628","targetHints":{"allow":["GET"]}}],"collection":[{"href":"https:\/\/reciclarseenlaciudad.com\/en\/wp-json\/wp\/v2\/posts"}],"about":[{"href":"https:\/\/reciclarseenlaciudad.com\/en\/wp-json\/wp\/v2\/types\/post"}],"author":[{"embeddable":true,"href":"https:\/\/reciclarseenlaciudad.com\/en\/wp-json\/wp\/v2\/users\/5"}],"replies":[{"embeddable":true,"href":"https:\/\/reciclarseenlaciudad.com\/en\/wp-json\/wp\/v2\/comments?post=5628"}],"version-history":[{"count":5,"href":"https:\/\/reciclarseenlaciudad.com\/en\/wp-json\/wp\/v2\/posts\/5628\/revisions"}],"predecessor-version":[{"id":5733,"href":"https:\/\/reciclarseenlaciudad.com\/en\/wp-json\/wp\/v2\/posts\/5628\/revisions\/5733"}],"wp:featuredmedia":[{"embeddable":true,"href":"https:\/\/reciclarseenlaciudad.com\/en\/wp-json\/wp\/v2\/media\/5634"}],"wp:attachment":[{"href":"https:\/\/reciclarseenlaciudad.com\/en\/wp-json\/wp\/v2\/media?parent=5628"}],"wp:term":[{"taxonomy":"category","embeddable":true,"href":"https:\/\/reciclarseenlaciudad.com\/en\/wp-json\/wp\/v2\/categories?post=5628"},{"taxonomy":"post_tag","embeddable":true,"href":"https:\/\/reciclarseenlaciudad.com\/en\/wp-json\/wp\/v2\/tags?post=5628"}],"curies":[{"name":"wp","href":"https:\/\/api.w.org\/{rel}","templated":true}]}}